{"id":1053,"date":"2020-11-24T11:41:06","date_gmt":"2020-11-24T10:41:06","guid":{"rendered":"https:\/\/resistencies.consorcimuseus.gva.es\/?p=1053"},"modified":"2023-04-26T15:42:43","modified_gmt":"2023-04-26T13:42:43","slug":"fuera-de-escena","status":"publish","type":"post","link":"https:\/\/resistencies.consorcimuseus.gva.es\/es\/fuera-de-escena\/","title":{"rendered":"Fuera de escena"},"content":{"rendered":"<div class=\"wpb-content-wrapper\"><p>[vc_row][vc_column][vc_separator color=\u00bbblack\u00bb border_width=\u00bb2&#8243;][\/vc_column][\/vc_row][vc_row][vc_column][vc_row_inner el_class=\u00bbfila-contenido-prj\u00bb][vc_column_inner el_class=\u00bb-col-titulo-info-proyecto\u00bb width=\u00bb1\/6&#8243;][vc_column_text]<strong>Convocatoria:<\/strong>[\/vc_column_text][\/vc_column_inner][vc_column_inner width=\u00bb5\/6&#8243;][vc_column_text]2018-2019[\/vc_column_text][\/vc_column_inner][\/vc_row_inner][vc_row_inner el_class=\u00bbfila-contenido-prj\u00bb][vc_column_inner el_class=\u00bb-col-titulo-info-proyecto\u00bb width=\u00bb1\/6&#8243;][vc_column_text]<strong>Conceptos clave:<\/strong>[\/vc_column_text][\/vc_column_inner][vc_column_inner width=\u00bb5\/6&#8243;][vc_column_text]Performance, adolescentes, pensamiento cr\u00edtico, voz, cuerpo[\/vc_column_text][\/vc_column_inner][\/vc_row_inner][vc_row_inner el_class=\u00bbfila-contenido-prj\u00bb][vc_column_inner el_class=\u00bb-col-titulo-info-proyecto\u00bb width=\u00bb1\/6&#8243;][vc_column_text]<strong>Nivel educativo:<\/strong>[\/vc_column_text][\/vc_column_inner][vc_column_inner width=\u00bb5\/6&#8243;][vc_column_text]Secundaria[\/vc_column_text][\/vc_column_inner][\/vc_row_inner][vc_row_inner el_class=\u00bbfila-contenido-prj\u00bb][vc_column_inner el_class=\u00bb-col-titulo-info-proyecto\u00bb width=\u00bb1\/6&#8243;][vc_column_text]<strong>T\u00edtulo proyecto:<\/strong>[\/vc_column_text][\/vc_column_inner][vc_column_inner width=\u00bb5\/6&#8243;][vc_column_text]Fuera de escena[\/vc_column_text][\/vc_column_inner][\/vc_row_inner][vc_row_inner el_class=\u00bbfila-contenido-prj\u00bb][vc_column_inner el_class=\u00bb-col-titulo-info-proyecto\u00bb width=\u00bb1\/6&#8243;][vc_column_text]<strong>Artista\/s:<\/strong>[\/vc_column_text][\/vc_column_inner][vc_column_inner width=\u00bb5\/6&#8243;][vc_column_text]Elisa M. Matall\u00edn, Teresa Mata, Dimitris Tzikopoulos[\/vc_column_text][\/vc_column_inner][\/vc_row_inner][vc_row_inner el_class=\u00bbfila-contenido-prj\u00bb][vc_column_inner el_class=\u00bb-col-titulo-info-proyecto\u00bb width=\u00bb1\/6&#8243;][vc_column_text]<strong>Maestro\/a:<\/strong>[\/vc_column_text][\/vc_column_inner][vc_column_inner width=\u00bb5\/6&#8243;][vc_column_text]Remei Mart\u00ednez[\/vc_column_text][\/vc_column_inner][\/vc_row_inner][vc_row_inner el_class=\u00bbfila-contenido-prj\u00bb][vc_column_inner el_class=\u00bb-col-titulo-info-proyecto\u00bb width=\u00bb1\/6&#8243;][vc_column_text]<strong>Nombre del centro:<\/strong>[\/vc_column_text][\/vc_column_inner][vc_column_inner width=\u00bb5\/6&#8243;][vc_column_text]IES Guillem d\u2019Alcal\u00e0[\/vc_column_text][\/vc_column_inner][\/vc_row_inner][vc_row_inner el_class=\u00bbfila-contenido-prj\u00bb][vc_column_inner el_class=\u00bb-col-titulo-info-proyecto\u00bb width=\u00bb1\/6&#8243;][vc_column_text]<strong>Poblaci\u00f3n:<\/strong>[\/vc_column_text][\/vc_column_inner][vc_column_inner width=\u00bb5\/6&#8243;][vc_column_text]Pobla de Farnals, Val\u00e8ncia[\/vc_column_text][\/vc_column_inner][\/vc_row_inner][vc_empty_space height=\u00bb15px\u00bb][\/vc_column][\/vc_row][vc_row][vc_column][vc_separator color=\u00bbblack\u00bb border_width=\u00bb2&#8243;][\/vc_column][\/vc_row][vc_row][vc_column][vc_row_inner el_class=\u00bbfila-contenido-prj\u00bb][vc_column_inner el_class=\u00bb-col-titulo-info-proyecto\u00bb width=\u00bb1\/6&#8243;][vc_column_text]<strong>Resumen proyecto:<\/strong>[\/vc_column_text][\/vc_column_inner][vc_column_inner width=\u00bb5\/6&#8243;][vc_column_text]Una forma de posibilitar a los adolescentes vivir la experiencia de la creaci\u00f3n art\u00edstica a trav\u00e9s de la performance como veh\u00edculo de expresi\u00f3n.<\/p>\n<p>Din\u00e1micas que activan el pensamiento cr\u00edtico a trav\u00e9s de manifestaciones o detonantes que por sus caracter\u00edsticas consiguen aislar los sentidos y trabajar las emociones y los recuerdos vivenciales, provocando reflexiones y discusiones que ser\u00e1n transformadas en met\u00e1foras y activadas a trav\u00e9s del cuerpo con ayuda de objetos.<\/p>\n<p>Posteriormente en el Centre del Carme se mostraron las acciones creadas por los adolescentes acompa\u00f1adas de una instalaci\u00f3n con los objetos utilizados.[\/vc_column_text][\/vc_column_inner][\/vc_row_inner][vc_row_inner el_class=\u00bbfila-contenido-prj\u00bb][vc_column_inner el_class=\u00bb-col-titulo-info-proyecto\u00bb width=\u00bb1\/6&#8243;][vc_column_text]<strong>Web:<\/strong>[\/vc_column_text][\/vc_column_inner][vc_column_inner width=\u00bb5\/6&#8243;][vc_column_text]<a href=\"http:\/\/www.elisamatallin.com\" target=\"_blank\" rel=\"noopener noreferrer\">www.elisamatallin.com<\/a>[\/vc_column_text][\/vc_column_inner][\/vc_row_inner][vc_row_inner el_class=\u00bbfila-contenido-prj\u00bb][vc_column_inner el_class=\u00bb-col-titulo-info-proyecto\u00bb width=\u00bb1\/6&#8243;][vc_column_text]<strong>Redes sociales:<\/strong>[\/vc_column_text][\/vc_column_inner][vc_column_inner width=\u00bb5\/6&#8243;]<style type=\"text\/css\" data-type=\"the7_shortcodes-inline-css\">.dt-shortcode-soc-icons.soc-icons-ee5f98c060ba5f8d9bd732d23d07248b a {\n  margin-right: 6px;\n}\n.dt-shortcode-soc-icons a.soc-icons-ee5f98c060ba5f8d9bd732d23d07248b {\n  margin-right: 6px;\n}\n.dt-shortcode-soc-icons a.soc-icons-ee5f98c060ba5f8d9bd732d23d07248b:last-child {\n  margin-right: 0;\n}\n.dt-shortcode-soc-icons a.soc-icons-ee5f98c060ba5f8d9bd732d23d07248b:before,\n.dt-shortcode-soc-icons a.soc-icons-ee5f98c060ba5f8d9bd732d23d07248b:after {\n  padding: inherit;\n}\n.dt-shortcode-soc-icons a.soc-icons-ee5f98c060ba5f8d9bd732d23d07248b.dt-icon-border-on:before {\n  border:  solid ;\n}\n.dt-shortcode-soc-icons a.soc-icons-ee5f98c060ba5f8d9bd732d23d07248b.dt-icon-hover-border-on:after {\n  border:  solid ;\n}<\/style><div class=\"dt-shortcode-soc-icons  soc-icons-ee5f98c060ba5f8d9bd732d23d07248b soc-icons-left \" ><style type=\"text\/css\" data-type=\"the7_shortcodes-inline-css\">.dt-shortcode-soc-icons a.single-soc-icon-838a252d3d906d3e13c80bd663d55bf8 {\n  min-width: 28px;\n  min-height: 28px;\n  font-size: 18px;\n  border-radius: 100px;\n}\n.dt-shortcode-soc-icons a.single-soc-icon-838a252d3d906d3e13c80bd663d55bf8:last-child {\n  margin-right: 0;\n}\n.dt-shortcode-soc-icons a.single-soc-icon-838a252d3d906d3e13c80bd663d55bf8:before,\n.dt-shortcode-soc-icons a.single-soc-icon-838a252d3d906d3e13c80bd663d55bf8:after {\n  min-width: 28px;\n  min-height: 28px;\n  padding: inherit;\n}\n#page .dt-shortcode-soc-icons a.single-soc-icon-838a252d3d906d3e13c80bd663d55bf8.dt-icon-bg-on:before,\n#phantom .dt-shortcode-soc-icons a.single-soc-icon-838a252d3d906d3e13c80bd663d55bf8.dt-icon-bg-on:before {\n  background: #ffffff;\n}\n.dt-shortcode-soc-icons a.single-soc-icon-838a252d3d906d3e13c80bd663d55bf8.dt-icon-border-on:before {\n  border: 1px solid #000000;\n}\n.dt-shortcode-soc-icons a.single-soc-icon-838a252d3d906d3e13c80bd663d55bf8.dt-icon-hover-border-on:after {\n  border: 1px solid #000000;\n}\n.dt-shortcode-soc-icons a.single-soc-icon-838a252d3d906d3e13c80bd663d55bf8:hover {\n  font-size: 18px;\n}\n#page .dt-shortcode-soc-icons a.single-soc-icon-838a252d3d906d3e13c80bd663d55bf8:hover .soc-font-icon,\n#phantom .dt-shortcode-soc-icons a.single-soc-icon-838a252d3d906d3e13c80bd663d55bf8:hover .soc-font-icon,\n#page .dt-shortcode-soc-icons a.single-soc-icon-838a252d3d906d3e13c80bd663d55bf8:hover .soc-icon,\n#phantom .dt-shortcode-soc-icons a.single-soc-icon-838a252d3d906d3e13c80bd663d55bf8:hover .soc-icon {\n  color: #ffffff;\n  background: none;\n}\n#page .dt-shortcode-soc-icons a.single-soc-icon-838a252d3d906d3e13c80bd663d55bf8.dt-icon-hover-bg-on:after,\n#phantom .dt-shortcode-soc-icons a.single-soc-icon-838a252d3d906d3e13c80bd663d55bf8.dt-icon-hover-bg-on:after {\n  background: #000000;\n}\n#page .dt-shortcode-soc-icons a.single-soc-icon-838a252d3d906d3e13c80bd663d55bf8:not(:hover) .soc-font-icon,\n#phantom .dt-shortcode-soc-icons a.single-soc-icon-838a252d3d906d3e13c80bd663d55bf8:not(:hover) .soc-font-icon,\n#page .dt-shortcode-soc-icons a.single-soc-icon-838a252d3d906d3e13c80bd663d55bf8:not(:hover) .soc-icon,\n#phantom .dt-shortcode-soc-icons a.single-soc-icon-838a252d3d906d3e13c80bd663d55bf8:not(:hover) .soc-icon {\n  color: #000000;\n  background: none;\n}\n.dt-shortcode-soc-icons a.single-soc-icon-838a252d3d906d3e13c80bd663d55bf8 .soc-font-icon,\n.dt-shortcode-soc-icons a.single-soc-icon-838a252d3d906d3e13c80bd663d55bf8 .soc-icon {\n  font-size: 18px;\n}<\/style><a title=\"Facebook\" href=\"https:\/\/www.facebook.com\/ElisaM.Matallin\/\" target=\"_blank\" rel=\"nofollow\" class=\"facebook single-soc-icon-838a252d3d906d3e13c80bd663d55bf8 dt-icon-bg-on dt-icon-border-on dt-icon-hover-border-on dt-icon-hover-bg-on\"><i class=\"soc-icon soc-font-icon dt-icon-facebook\"><\/i><span class=\"screen-reader-text\">Facebook<\/span><\/a><\/div>[\/vc_column_inner][\/vc_row_inner][vc_empty_space height=\u00bb10px\u00bb][vc_row_inner][vc_column_inner el_class=\u00bb-col-titulo-info-proyecto\u00bb width=\u00bb1\/6&#8243;][vc_column_text]<strong>Bio:<\/strong>[\/vc_column_text][\/vc_column_inner][vc_column_inner width=\u00bb5\/6&#8243;][vc_column_text]Mediadora cultural con m\u00e1s de 25 a\u00f1os de experiencia en la dinamizaci\u00f3n\u00a0de bibliotecas, museos y otros centros culturales. Ha desempe\u00f1ado\u00a0trabajos en la gesti\u00f3n cultural, destacando una librer\u00eda-teatro, ciclos de festivales de m\u00fasica para familias as\u00ed como varias compa\u00f1\u00edas de teatro.<\/p>\n<p>En la actualidad, gestiona y dise\u00f1a propuestas did\u00e1cticas para escolares\u00a0basadas en una metodolog\u00eda altamente participativa trabajando con edades de infantil, primaria, secundaria y bachiller. Gestiona su propia compa\u00f1\u00eda de teatro de t\u00edteres \u00abT\u00edteres de cuento\u00bb en la que crea sus espect\u00e1culos, la puesta en escena, marionetas y su manipulaci\u00f3n.<\/p>\n<p>Sus \u00faltimos proyectos est\u00e1n centrados en la investigaci\u00f3n y el uso de\u00a0din\u00e1micas propias de las artes esc\u00e9nicas y la performance aplicadas en la educaci\u00f3n y la inclusi\u00f3n social.[\/vc_column_text][\/vc_column_inner][\/vc_row_inner][vc_empty_space height=\u00bb15px\u00bb][vc_row_inner][vc_column_inner el_class=\u00bb-col-titulo-info-proyecto\u00bb width=\u00bb1\/6&#8243;][\/vc_column_inner][vc_column_inner width=\u00bb3\/6&#8243;][vc_single_image image=\u00bb1047&#8243; img_size=\u00bbfull\u00bb alignment=\u00bbcenter\u00bb image_hovers=\u00bbfalse\u00bb lazy_loading=\u00bbtrue\u00bb el_class=\u00bbimagen-full-width\u00bb][\/vc_column_inner][vc_column_inner width=\u00bb2\/6&#8243;][\/vc_column_inner][\/vc_row_inner][vc_empty_space height=\u00bb15px\u00bb][\/vc_column][\/vc_row][vc_row][vc_column][vc_separator color=\u00bbblack\u00bb border_width=\u00bb2&#8243;][\/vc_column][\/vc_row][vc_row el_class=\u00bbcontenido-proyecto\u00bb][vc_column width=\u00bb1\/6&#8243;][vc_column_text]<strong>Documentaci\u00f3n gr\u00e1fica:<\/strong>[\/vc_column_text][vc_empty_space height=\u00bb15px\u00bb][\/vc_column][vc_column width=\u00bb5\/6&#8243;]<style type=\"text\/css\" data-type=\"the7_shortcodes-inline-css\">.gallery-shortcode.gallery-masonry-shortcode-id-f0d5dce2aee1316899188cd7e4181d23 figure,\n.gallery-shortcode.gallery-masonry-shortcode-id-f0d5dce2aee1316899188cd7e4181d23 .rollover,\n.gallery-shortcode.gallery-masonry-shortcode-id-f0d5dce2aee1316899188cd7e4181d23 img,\n.gallery-shortcode.gallery-masonry-shortcode-id-f0d5dce2aee1316899188cd7e4181d23 .gallery-rollover {\n  border-radius: 0px;\n}\n.gallery-shortcode.gallery-masonry-shortcode-id-f0d5dce2aee1316899188cd7e4181d23.enable-bg-rollover .gallery-rollover {\n  background: -webkit-linear-gradient();\n  background: linear-gradient();\n}\n.gallery-shortcode.gallery-masonry-shortcode-id-f0d5dce2aee1316899188cd7e4181d23.enable-bg-rollover.hover-scale figure .rollover:after {\n  background: -webkit-linear-gradient();\n  background: linear-gradient();\n}\n.gallery-shortcode.gallery-masonry-shortcode-id-f0d5dce2aee1316899188cd7e4181d23 .gallery-zoom-ico {\n  width: 44px;\n  height: 44px;\n  line-height: 44px;\n  border-radius: 100px;\n  margin: -22px 0 0 -22px;\n  border-width: 0px;\n  color: #ffffff;\n}\n.dt-icon-bg-on.gallery-shortcode.gallery-masonry-shortcode-id-f0d5dce2aee1316899188cd7e4181d23 .gallery-zoom-ico {\n  background: rgba(255,255,255,0.3);\n  box-shadow: none;\n}\n.gallery-shortcode.gallery-masonry-shortcode-id-f0d5dce2aee1316899188cd7e4181d23 .gallery-zoom-ico:before,\n.gallery-shortcode.gallery-masonry-shortcode-id-f0d5dce2aee1316899188cd7e4181d23 .gallery-zoom-ico span {\n  font-size: 32px;\n  line-height: 44px;\n  color: #ffffff;\n}\n.gallery-shortcode.gallery-masonry-shortcode-id-f0d5dce2aee1316899188cd7e4181d23:not(.resize-by-browser-width) .dt-css-grid {\n  grid-row-gap: 10px;\n  grid-column-gap: 10px;\n  grid-template-columns: repeat(auto-fill,minmax(,1fr));\n}\n.gallery-shortcode.gallery-masonry-shortcode-id-f0d5dce2aee1316899188cd7e4181d23:not(.resize-by-browser-width) .dt-css-grid .double-width {\n  grid-column: span 2;\n}\n.cssgridlegacy.no-cssgrid .gallery-shortcode.gallery-masonry-shortcode-id-f0d5dce2aee1316899188cd7e4181d23:not(.resize-by-browser-width) .dt-css-grid,\n.no-cssgridlegacy.no-cssgrid .gallery-shortcode.gallery-masonry-shortcode-id-f0d5dce2aee1316899188cd7e4181d23:not(.resize-by-browser-width) .dt-css-grid {\n  display: flex;\n  flex-flow: row wrap;\n  margin: -5px;\n}\n.cssgridlegacy.no-cssgrid .gallery-shortcode.gallery-masonry-shortcode-id-f0d5dce2aee1316899188cd7e4181d23:not(.resize-by-browser-width) .dt-css-grid .wf-cell,\n.no-cssgridlegacy.no-cssgrid .gallery-shortcode.gallery-masonry-shortcode-id-f0d5dce2aee1316899188cd7e4181d23:not(.resize-by-browser-width) .dt-css-grid .wf-cell {\n  flex: 1 0 ;\n  max-width: 100%;\n  padding: 5px;\n  box-sizing: border-box;\n}\n.gallery-shortcode.gallery-masonry-shortcode-id-f0d5dce2aee1316899188cd7e4181d23.resize-by-browser-width .dt-css-grid {\n  grid-template-columns: repeat(3,1fr);\n  grid-template-rows: auto;\n  grid-column-gap: 10px;\n  grid-row-gap: 10px;\n}\n.gallery-shortcode.gallery-masonry-shortcode-id-f0d5dce2aee1316899188cd7e4181d23.resize-by-browser-width .dt-css-grid .double-width {\n  grid-column: span 2;\n}\n.cssgridlegacy.no-cssgrid .gallery-shortcode.gallery-masonry-shortcode-id-f0d5dce2aee1316899188cd7e4181d23.resize-by-browser-width .dt-css-grid {\n  margin: -5px;\n}\n.cssgridlegacy.no-cssgrid .gallery-shortcode.gallery-masonry-shortcode-id-f0d5dce2aee1316899188cd7e4181d23.resize-by-browser-width .dt-css-grid .wf-cell {\n  width: 33.333333333333%;\n  padding: 5px;\n}\n.cssgridlegacy.no-cssgrid .gallery-shortcode.gallery-masonry-shortcode-id-f0d5dce2aee1316899188cd7e4181d23.resize-by-browser-width .dt-css-grid .wf-cell.double-width {\n  width: calc(33.333333333333%) * 2;\n}\n.gallery-shortcode.gallery-masonry-shortcode-id-f0d5dce2aee1316899188cd7e4181d23.resize-by-browser-width:not(.centered-layout-list):not(.content-bg-on) .dt-css-grid {\n  grid-row-gap: 10px - ;\n}\n@media screen and (max-width: 1199px) {\n  .gallery-shortcode.gallery-masonry-shortcode-id-f0d5dce2aee1316899188cd7e4181d23.resize-by-browser-width .dt-css-grid {\n    grid-template-columns: repeat(3,1fr);\n  }\n  .cssgridlegacy.no-cssgrid .gallery-shortcode.gallery-masonry-shortcode-id-f0d5dce2aee1316899188cd7e4181d23.resize-by-browser-width .dt-css-grid .wf-cell,\n  .no-cssgridlegacy.no-cssgrid .gallery-shortcode.gallery-masonry-shortcode-id-f0d5dce2aee1316899188cd7e4181d23.resize-by-browser-width .dt-css-grid .wf-cell {\n    width: 33.333333333333%;\n  }\n  .cssgridlegacy.no-cssgrid .gallery-shortcode.gallery-masonry-shortcode-id-f0d5dce2aee1316899188cd7e4181d23.resize-by-browser-width .dt-css-grid .wf-cell.double-width,\n  .no-cssgridlegacy.no-cssgrid .gallery-shortcode.gallery-masonry-shortcode-id-f0d5dce2aee1316899188cd7e4181d23.resize-by-browser-width .dt-css-grid .wf-cell.double-width {\n    width: calc(33.333333333333%)*2;\n  }\n}\n@media screen and (max-width: 991px) {\n  .gallery-shortcode.gallery-masonry-shortcode-id-f0d5dce2aee1316899188cd7e4181d23.resize-by-browser-width .dt-css-grid {\n    grid-template-columns: repeat(2,1fr);\n  }\n  .cssgridlegacy.no-cssgrid .gallery-shortcode.gallery-masonry-shortcode-id-f0d5dce2aee1316899188cd7e4181d23.resize-by-browser-width .dt-css-grid .wf-cell,\n  .no-cssgridlegacy.no-cssgrid .gallery-shortcode.gallery-masonry-shortcode-id-f0d5dce2aee1316899188cd7e4181d23.resize-by-browser-width .dt-css-grid .wf-cell {\n    width: 50%;\n  }\n  .cssgridlegacy.no-cssgrid .gallery-shortcode.gallery-masonry-shortcode-id-f0d5dce2aee1316899188cd7e4181d23.resize-by-browser-width .dt-css-grid .wf-cell.double-width,\n  .no-cssgridlegacy.no-cssgrid .gallery-shortcode.gallery-masonry-shortcode-id-f0d5dce2aee1316899188cd7e4181d23.resize-by-browser-width .dt-css-grid .wf-cell.double-width {\n    width: calc(50%)*2;\n  }\n}\n@media screen and (max-width: 767px) {\n  .gallery-shortcode.gallery-masonry-shortcode-id-f0d5dce2aee1316899188cd7e4181d23.resize-by-browser-width .dt-css-grid {\n    grid-template-columns: repeat(1,1fr);\n  }\n  .cssgridlegacy.no-cssgrid .gallery-shortcode.gallery-masonry-shortcode-id-f0d5dce2aee1316899188cd7e4181d23.resize-by-browser-width .dt-css-grid .wf-cell,\n  .no-cssgridlegacy.no-cssgrid .gallery-shortcode.gallery-masonry-shortcode-id-f0d5dce2aee1316899188cd7e4181d23.resize-by-browser-width .dt-css-grid .wf-cell {\n    width: 100%;\n  }\n  .cssgridlegacy.no-cssgrid .gallery-shortcode.gallery-masonry-shortcode-id-f0d5dce2aee1316899188cd7e4181d23.resize-by-browser-width .dt-css-grid .wf-cell.double-width,\n  .no-cssgridlegacy.no-cssgrid .gallery-shortcode.gallery-masonry-shortcode-id-f0d5dce2aee1316899188cd7e4181d23.resize-by-browser-width .dt-css-grid .wf-cell.double-width {\n    width: calc(100%)*2;\n  }\n}<\/style><div class=\"gallery-shortcode dt-gallery-container gallery-masonry-shortcode-id-f0d5dce2aee1316899188cd7e4181d23 mode-masonry jquery-filter dt-icon-bg-off quick-scale-img enable-bg-rollover resize-by-browser-width  hover-fade loading-effect-none description-on-hover\" data-padding=\"5px\" data-cur-page=\"1\" data-post-limit=\"-1\" data-pagination-mode=\"none\" data-desktop-columns-num=\"3\" data-v-tablet-columns-num=\"2\" data-h-tablet-columns-num=\"3\" data-phone-columns-num=\"1\" data-width=\"0px\" data-columns=\"0\"><div class=\"iso-container\" ><div class=\"wf-cell iso-item\" data-post-id=\"1051\" data-date=\"2020-11-15T11:05:22+01:00\" data-name=\"Tentacio\u0301n-_-2---Elisa-M.-Matalli\u0301n\"><figure class=\"post visible\"><a href=\"https:\/\/resistencies.consorcimuseus.gva.es\/wp-content\/uploads\/2020\/11\/Tentacio\u0301n-_-2-Elisa-M.-Matalli\u0301n.jpg\" class=\"rollover dt-pswp-item layzr-bg\" data-large_image_width=\"1070\" data-large_image_height=\"601\" data-dt-img-description=\"\" title=\"Tentacio\u0301n-_-2&#8212;Elisa-M.-Matalli\u0301n\"><img fetchpriority=\"high\" decoding=\"async\" class=\"preload-me iso-lazy-load aspect\" src=\"data:image\/svg+xml,%3Csvg%20xmlns%3D&#39;http%3A%2F%2Fwww.w3.org%2F2000%2Fsvg&#39;%20viewBox%3D&#39;0%200%20768%20576&#39;%2F%3E\" data-src=\"https:\/\/resistencies.consorcimuseus.gva.es\/wp-content\/uploads\/2020\/11\/Tentacio\u0301n-_-2-Elisa-M.-Matalli\u0301n-768x576.jpg\" data-srcset=\"https:\/\/resistencies.consorcimuseus.gva.es\/wp-content\/uploads\/2020\/11\/Tentacio\u0301n-_-2-Elisa-M.-Matalli\u0301n-768x576.jpg 768w, https:\/\/resistencies.consorcimuseus.gva.es\/wp-content\/uploads\/2020\/11\/Tentacio\u0301n-_-2-Elisa-M.-Matalli\u0301n-801x601.jpg 801w\" loading=\"eager\" style=\"--ratio: 768 \/ 576\" sizes=\"(max-width: 768px) 100vw, 768px\" alt=\"\" width=\"768\" height=\"576\"  \/><span class=\"gallery-rollover\"><span class=\"gallery-zoom-ico icomoon-the7-font-the7-zoom-06\"><span><\/span><\/span><\/span><\/a><\/figure><\/div><div class=\"wf-cell iso-item\" data-post-id=\"1049\" data-date=\"2020-11-15T11:05:20+01:00\" data-name=\"Proceso-_---Elisa-M.-Matalli\u0301n\"><figure class=\"post visible\"><a href=\"https:\/\/resistencies.consorcimuseus.gva.es\/wp-content\/uploads\/2020\/11\/Proceso-_-Elisa-M.-Matalli\u0301n.jpg\" class=\"rollover dt-pswp-item layzr-bg\" data-large_image_width=\"1070\" data-large_image_height=\"601\" data-dt-img-description=\"\" title=\"Proceso-_&#8212;Elisa-M.-Matalli\u0301n\"><img decoding=\"async\" class=\"preload-me iso-lazy-load aspect\" src=\"data:image\/svg+xml,%3Csvg%20xmlns%3D&#39;http%3A%2F%2Fwww.w3.org%2F2000%2Fsvg&#39;%20viewBox%3D&#39;0%200%20768%20576&#39;%2F%3E\" data-src=\"https:\/\/resistencies.consorcimuseus.gva.es\/wp-content\/uploads\/2020\/11\/Proceso-_-Elisa-M.-Matalli\u0301n-768x576.jpg\" data-srcset=\"https:\/\/resistencies.consorcimuseus.gva.es\/wp-content\/uploads\/2020\/11\/Proceso-_-Elisa-M.-Matalli\u0301n-768x576.jpg 768w, https:\/\/resistencies.consorcimuseus.gva.es\/wp-content\/uploads\/2020\/11\/Proceso-_-Elisa-M.-Matalli\u0301n-801x601.jpg 801w\" loading=\"eager\" style=\"--ratio: 768 \/ 576\" sizes=\"(max-width: 768px) 100vw, 768px\" alt=\"\" width=\"768\" height=\"576\"  \/><span class=\"gallery-rollover\"><span class=\"gallery-zoom-ico icomoon-the7-font-the7-zoom-06\"><span><\/span><\/span><\/span><\/a><\/figure><\/div><div class=\"wf-cell iso-item\" data-post-id=\"1045\" data-date=\"2020-11-15T11:05:14+01:00\" data-name=\"La-pintura-_-1---Elisa-M.-Matalli\u0301n\"><figure class=\"post visible\"><a href=\"https:\/\/resistencies.consorcimuseus.gva.es\/wp-content\/uploads\/2020\/11\/La-pintura-_-1-Elisa-M.-Matalli\u0301n.jpg\" class=\"rollover dt-pswp-item layzr-bg\" data-large_image_width=\"1070\" data-large_image_height=\"601\" data-dt-img-description=\"\" title=\"La-pintura-_-1&#8212;Elisa-M.-Matalli\u0301n\"><img decoding=\"async\" class=\"preload-me iso-lazy-load aspect\" src=\"data:image\/svg+xml,%3Csvg%20xmlns%3D&#39;http%3A%2F%2Fwww.w3.org%2F2000%2Fsvg&#39;%20viewBox%3D&#39;0%200%20768%20576&#39;%2F%3E\" data-src=\"https:\/\/resistencies.consorcimuseus.gva.es\/wp-content\/uploads\/2020\/11\/La-pintura-_-1-Elisa-M.-Matalli\u0301n-768x576.jpg\" data-srcset=\"https:\/\/resistencies.consorcimuseus.gva.es\/wp-content\/uploads\/2020\/11\/La-pintura-_-1-Elisa-M.-Matalli\u0301n-768x576.jpg 768w, https:\/\/resistencies.consorcimuseus.gva.es\/wp-content\/uploads\/2020\/11\/La-pintura-_-1-Elisa-M.-Matalli\u0301n-801x601.jpg 801w\" loading=\"eager\" style=\"--ratio: 768 \/ 576\" sizes=\"(max-width: 768px) 100vw, 768px\" alt=\"\" width=\"768\" height=\"576\"  \/><span class=\"gallery-rollover\"><span class=\"gallery-zoom-ico icomoon-the7-font-the7-zoom-06\"><span><\/span><\/span><\/span><\/a><\/figure><\/div><div class=\"wf-cell iso-item\" data-post-id=\"1043\" data-date=\"2020-11-15T11:05:12+01:00\" data-name=\"la-escalera_---Elisa-M.-Matalli\u0301n\"><figure class=\"post visible\"><a href=\"https:\/\/resistencies.consorcimuseus.gva.es\/wp-content\/uploads\/2020\/11\/la-escalera_-Elisa-M.-Matalli\u0301n.jpg\" class=\"rollover dt-pswp-item layzr-bg\" data-large_image_width=\"1070\" data-large_image_height=\"601\" data-dt-img-description=\"\" title=\"la-escalera_&#8212;Elisa-M.-Matalli\u0301n\"><img decoding=\"async\" class=\"preload-me iso-lazy-load aspect\" src=\"data:image\/svg+xml,%3Csvg%20xmlns%3D&#39;http%3A%2F%2Fwww.w3.org%2F2000%2Fsvg&#39;%20viewBox%3D&#39;0%200%20768%20576&#39;%2F%3E\" data-src=\"https:\/\/resistencies.consorcimuseus.gva.es\/wp-content\/uploads\/2020\/11\/la-escalera_-Elisa-M.-Matalli\u0301n-768x576.jpg\" data-srcset=\"https:\/\/resistencies.consorcimuseus.gva.es\/wp-content\/uploads\/2020\/11\/la-escalera_-Elisa-M.-Matalli\u0301n-768x576.jpg 768w, https:\/\/resistencies.consorcimuseus.gva.es\/wp-content\/uploads\/2020\/11\/la-escalera_-Elisa-M.-Matalli\u0301n-801x601.jpg 801w\" loading=\"eager\" style=\"--ratio: 768 \/ 576\" sizes=\"(max-width: 768px) 100vw, 768px\" alt=\"\" width=\"768\" height=\"576\"  \/><span class=\"gallery-rollover\"><span class=\"gallery-zoom-ico icomoon-the7-font-the7-zoom-06\"><span><\/span><\/span><\/span><\/a><\/figure><\/div><div class=\"wf-cell iso-item\" data-post-id=\"1041\" data-date=\"2020-11-15T11:05:11+01:00\" data-name=\"La-conversacio\u0301n-_-2---Elisa-M.-Matalli\u0301n\"><figure class=\"post visible\"><a href=\"https:\/\/resistencies.consorcimuseus.gva.es\/wp-content\/uploads\/2020\/11\/La-conversacio\u0301n-_-2-Elisa-M.-Matalli\u0301n.jpg\" class=\"rollover dt-pswp-item layzr-bg\" data-large_image_width=\"1070\" data-large_image_height=\"601\" data-dt-img-description=\"\" title=\"La-conversacio\u0301n-_-2&#8212;Elisa-M.-Matalli\u0301n\"><img decoding=\"async\" class=\"preload-me iso-lazy-load aspect\" src=\"data:image\/svg+xml,%3Csvg%20xmlns%3D&#39;http%3A%2F%2Fwww.w3.org%2F2000%2Fsvg&#39;%20viewBox%3D&#39;0%200%20768%20576&#39;%2F%3E\" data-src=\"https:\/\/resistencies.consorcimuseus.gva.es\/wp-content\/uploads\/2020\/11\/La-conversacio\u0301n-_-2-Elisa-M.-Matalli\u0301n-768x576.jpg\" data-srcset=\"https:\/\/resistencies.consorcimuseus.gva.es\/wp-content\/uploads\/2020\/11\/La-conversacio\u0301n-_-2-Elisa-M.-Matalli\u0301n-768x576.jpg 768w, https:\/\/resistencies.consorcimuseus.gva.es\/wp-content\/uploads\/2020\/11\/La-conversacio\u0301n-_-2-Elisa-M.-Matalli\u0301n-801x601.jpg 801w\" loading=\"eager\" style=\"--ratio: 768 \/ 576\" sizes=\"(max-width: 768px) 100vw, 768px\" alt=\"\" width=\"768\" height=\"576\"  \/><span class=\"gallery-rollover\"><span class=\"gallery-zoom-ico icomoon-the7-font-the7-zoom-06\"><span><\/span><\/span><\/span><\/a><\/figure><\/div><div class=\"wf-cell iso-item\" data-post-id=\"1039\" data-date=\"2020-11-15T11:05:09+01:00\" data-name=\"Echar-mierda-_-2---Elisa-M.-Matalli\u0301n\"><figure class=\"post visible\"><a href=\"https:\/\/resistencies.consorcimuseus.gva.es\/wp-content\/uploads\/2020\/11\/Echar-mierda-_-2-Elisa-M.-Matalli\u0301n.jpg\" class=\"rollover dt-pswp-item layzr-bg\" data-large_image_width=\"1070\" data-large_image_height=\"601\" data-dt-img-description=\"\" title=\"Echar-mierda-_-2&#8212;Elisa-M.-Matalli\u0301n\"><img decoding=\"async\" class=\"preload-me iso-lazy-load aspect\" src=\"data:image\/svg+xml,%3Csvg%20xmlns%3D&#39;http%3A%2F%2Fwww.w3.org%2F2000%2Fsvg&#39;%20viewBox%3D&#39;0%200%20768%20576&#39;%2F%3E\" data-src=\"https:\/\/resistencies.consorcimuseus.gva.es\/wp-content\/uploads\/2020\/11\/Echar-mierda-_-2-Elisa-M.-Matalli\u0301n-768x576.jpg\" data-srcset=\"https:\/\/resistencies.consorcimuseus.gva.es\/wp-content\/uploads\/2020\/11\/Echar-mierda-_-2-Elisa-M.-Matalli\u0301n-768x576.jpg 768w, https:\/\/resistencies.consorcimuseus.gva.es\/wp-content\/uploads\/2020\/11\/Echar-mierda-_-2-Elisa-M.-Matalli\u0301n-801x601.jpg 801w\" loading=\"eager\" style=\"--ratio: 768 \/ 576\" sizes=\"(max-width: 768px) 100vw, 768px\" alt=\"\" width=\"768\" height=\"576\"  \/><span class=\"gallery-rollover\"><span class=\"gallery-zoom-ico icomoon-the7-font-the7-zoom-06\"><span><\/span><\/span><\/span><\/a><\/figure><\/div><div class=\"wf-cell iso-item\" data-post-id=\"1037\" data-date=\"2020-11-15T11:05:08+01:00\" data-name=\"Cinta-de-seguridad-_-2---Elisa-M.-Matalli\u0301n\"><figure class=\"post visible\"><a href=\"https:\/\/resistencies.consorcimuseus.gva.es\/wp-content\/uploads\/2020\/11\/Cinta-de-seguridad-_-2-Elisa-M.-Matalli\u0301n.jpg\" class=\"rollover dt-pswp-item layzr-bg\" data-large_image_width=\"1070\" data-large_image_height=\"601\" data-dt-img-description=\"\" title=\"Cinta-de-seguridad-_-2&#8212;Elisa-M.-Matalli\u0301n\"><img decoding=\"async\" class=\"preload-me iso-lazy-load aspect\" src=\"data:image\/svg+xml,%3Csvg%20xmlns%3D&#39;http%3A%2F%2Fwww.w3.org%2F2000%2Fsvg&#39;%20viewBox%3D&#39;0%200%20768%20576&#39;%2F%3E\" data-src=\"https:\/\/resistencies.consorcimuseus.gva.es\/wp-content\/uploads\/2020\/11\/Cinta-de-seguridad-_-2-Elisa-M.-Matalli\u0301n-768x576.jpg\" data-srcset=\"https:\/\/resistencies.consorcimuseus.gva.es\/wp-content\/uploads\/2020\/11\/Cinta-de-seguridad-_-2-Elisa-M.-Matalli\u0301n-768x576.jpg 768w, https:\/\/resistencies.consorcimuseus.gva.es\/wp-content\/uploads\/2020\/11\/Cinta-de-seguridad-_-2-Elisa-M.-Matalli\u0301n-801x601.jpg 801w\" loading=\"eager\" style=\"--ratio: 768 \/ 576\" sizes=\"(max-width: 768px) 100vw, 768px\" alt=\"\" width=\"768\" height=\"576\"  \/><span class=\"gallery-rollover\"><span class=\"gallery-zoom-ico icomoon-the7-font-the7-zoom-06\"><span><\/span><\/span><\/span><\/a><\/figure><\/div><div class=\"wf-cell iso-item\" data-post-id=\"1035\" data-date=\"2020-11-15T11:05:06+01:00\" data-name=\"Cantina-_-2---Elisa-M.-Matalli\u0301n\"><figure class=\"post visible\"><a href=\"https:\/\/resistencies.consorcimuseus.gva.es\/wp-content\/uploads\/2020\/11\/Cantina-_-2-Elisa-M.-Matalli\u0301n.jpg\" class=\"rollover dt-pswp-item layzr-bg\" data-large_image_width=\"1070\" data-large_image_height=\"601\" data-dt-img-description=\"\" title=\"Cantina-_-2&#8212;Elisa-M.-Matalli\u0301n\"><img decoding=\"async\" class=\"preload-me iso-lazy-load aspect\" src=\"data:image\/svg+xml,%3Csvg%20xmlns%3D&#39;http%3A%2F%2Fwww.w3.org%2F2000%2Fsvg&#39;%20viewBox%3D&#39;0%200%20768%20576&#39;%2F%3E\" data-src=\"https:\/\/resistencies.consorcimuseus.gva.es\/wp-content\/uploads\/2020\/11\/Cantina-_-2-Elisa-M.-Matalli\u0301n-768x576.jpg\" data-srcset=\"https:\/\/resistencies.consorcimuseus.gva.es\/wp-content\/uploads\/2020\/11\/Cantina-_-2-Elisa-M.-Matalli\u0301n-768x576.jpg 768w, https:\/\/resistencies.consorcimuseus.gva.es\/wp-content\/uploads\/2020\/11\/Cantina-_-2-Elisa-M.-Matalli\u0301n-801x601.jpg 801w\" loading=\"eager\" style=\"--ratio: 768 \/ 576\" sizes=\"(max-width: 768px) 100vw, 768px\" alt=\"\" width=\"768\" height=\"576\"  \/><span class=\"gallery-rollover\"><span class=\"gallery-zoom-ico icomoon-the7-font-the7-zoom-06\"><span><\/span><\/span><\/span><\/a><\/figure><\/div><\/div><!-- iso-container|iso-grid --><\/div>[\/vc_column][\/vc_row][vc_row][vc_column][vc_separator color=\u00bbblack\u00bb border_width=\u00bb2&#8243;][\/vc_column][\/vc_row][vc_row el_class=\u00bbcontenido-proyecto\u00bb][vc_column width=\u00bb1\/6&#8243;][vc_column_text]<strong>Resultados [v\u00eddeo]:<\/strong>[\/vc_column_text][vc_empty_space height=\u00bb15px\u00bb][\/vc_column][vc_column width=\u00bb5\/6&#8243;][vc_video link=\u00bbhttps:\/\/www.youtube.com\/watch?v=WqIG55-1vHQ\u00bb align=\u00bbcenter\u00bb][\/vc_column][\/vc_row]<\/p>\n<\/div>","protected":false},"excerpt":{"rendered":"<p>[vc_row][vc_column][vc_separator color=\u00bbblack\u00bb border_width=\u00bb2&#8243;][\/vc_column][\/vc_row][vc_row][vc_column][vc_row_inner el_class=\u00bbfila-contenido-prj\u00bb][vc_column_inner el_class=\u00bb-col-titulo-info-proyecto\u00bb width=\u00bb1\/6&#8243;][vc_column_text]Convocatoria:[\/vc_column_text][\/vc_column_inner][vc_column_inner width=\u00bb5\/6&#8243;][vc_column_text]2018-2019[\/vc_column_text][\/vc_column_inner][\/vc_row_inner][vc_row_inner el_class=\u00bbfila-contenido-prj\u00bb][vc_column_inner el_class=\u00bb-col-titulo-info-proyecto\u00bb width=\u00bb1\/6&#8243;][vc_column_text]Conceptos clave:[\/vc_column_text][\/vc_column_inner][vc_column_inner width=\u00bb5\/6&#8243;][vc_column_text]Performance, adolescentes, pensamiento cr\u00edtico, voz, cuerpo[\/vc_column_text][\/vc_column_inner][\/vc_row_inner][vc_row_inner el_class=\u00bbfila-contenido-prj\u00bb][vc_column_inner el_class=\u00bb-col-titulo-info-proyecto\u00bb width=\u00bb1\/6&#8243;][vc_column_text]Nivel educativo:[\/vc_column_text][\/vc_column_inner][vc_column_inner width=\u00bb5\/6&#8243;][vc_column_text]Secundaria[\/vc_column_text][\/vc_column_inner][\/vc_row_inner][vc_row_inner el_class=\u00bbfila-contenido-prj\u00bb][vc_column_inner el_class=\u00bb-col-titulo-info-proyecto\u00bb width=\u00bb1\/6&#8243;][vc_column_text]T\u00edtulo proyecto:[\/vc_column_text][\/vc_column_inner][vc_column_inner width=\u00bb5\/6&#8243;][vc_column_text]Fuera de escena[\/vc_column_text][\/vc_column_inner][\/vc_row_inner][vc_row_inner el_class=\u00bbfila-contenido-prj\u00bb][vc_column_inner el_class=\u00bb-col-titulo-info-proyecto\u00bb width=\u00bb1\/6&#8243;][vc_column_text]Artista\/s:[\/vc_column_text][\/vc_column_inner][vc_column_inner width=\u00bb5\/6&#8243;][vc_column_text]Elisa M. Matall\u00edn, Teresa Mata, Dimitris Tzikopoulos[\/vc_column_text][\/vc_column_inner][\/vc_row_inner][vc_row_inner el_class=\u00bbfila-contenido-prj\u00bb][vc_column_inner el_class=\u00bb-col-titulo-info-proyecto\u00bb width=\u00bb1\/6&#8243;][vc_column_text]Maestro\/a:[\/vc_column_text][\/vc_column_inner][vc_column_inner width=\u00bb5\/6&#8243;][vc_column_text]Remei Mart\u00ednez[\/vc_column_text][\/vc_column_inner][\/vc_row_inner][vc_row_inner el_class=\u00bbfila-contenido-prj\u00bb][vc_column_inner el_class=\u00bb-col-titulo-info-proyecto\u00bb width=\u00bb1\/6&#8243;][vc_column_text]Nombre del centro:[\/vc_column_text][\/vc_column_inner][vc_column_inner width=\u00bb5\/6&#8243;][vc_column_text]IES Guillem d\u2019Alcal\u00e0[\/vc_column_text][\/vc_column_inner][\/vc_row_inner][vc_row_inner el_class=\u00bbfila-contenido-prj\u00bb][vc_column_inner el_class=\u00bb-col-titulo-info-proyecto\u00bb width=\u00bb1\/6&#8243;][vc_column_text]Poblaci\u00f3n:[\/vc_column_text][\/vc_column_inner][vc_column_inner&hellip;<\/p>\n","protected":false},"author":3,"featured_media":1051,"comment_status":"closed","ping_status":"open","sticky":false,"template":"","format":"standard","meta":{"footnotes":""},"categories":[75,65,70],"tags":[98,105,102],"class_list":["post-1053","post","type-post","status-publish","format-standard","has-post-thumbnail","hentry","category-cartografias-afectivas","category-paisajes-sensoriales","category-saberes-otros","tag-2018-2019-es","tag-secundaria-es","tag-valencia-es","category-75","category-65","category-70","description-off"],"yoast_head":"<!-- This site is optimized with the Yoast SEO plugin v27.3 - https:\/\/yoast.com\/product\/yoast-seo-wordpress\/ -->\n<title>Fuera de escena - Resist\u00e8ncies Art\u00edstiques CMCV<\/title>\n<meta name=\"robots\" content=\"index, follow, max-snippet:-1, max-image-preview:large, max-video-preview:-1\" \/>\n<link rel=\"canonical\" href=\"https:\/\/resistencies.consorcimuseus.gva.es\/es\/fuera-de-escena\/\" \/>\n<meta property=\"og:locale\" content=\"es_ES\" \/>\n<meta property=\"og:type\" content=\"article\" \/>\n<meta property=\"og:title\" content=\"Fuera de escena - Resist\u00e8ncies Art\u00edstiques CMCV\" \/>\n<meta property=\"og:description\" content=\"[vc_row][vc_column][vc_separator color=\u00bbblack\u00bb border_width=\u00bb2&#8243;][\/vc_column][\/vc_row][vc_row][vc_column][vc_row_inner el_class=\u00bbfila-contenido-prj\u00bb][vc_column_inner el_class=\u00bb-col-titulo-info-proyecto\u00bb width=\u00bb1\/6&#8243;][vc_column_text]Convocatoria:[\/vc_column_text][\/vc_column_inner][vc_column_inner width=\u00bb5\/6&#8243;][vc_column_text]2018-2019[\/vc_column_text][\/vc_column_inner][\/vc_row_inner][vc_row_inner el_class=\u00bbfila-contenido-prj\u00bb][vc_column_inner el_class=\u00bb-col-titulo-info-proyecto\u00bb width=\u00bb1\/6&#8243;][vc_column_text]Conceptos clave:[\/vc_column_text][\/vc_column_inner][vc_column_inner width=\u00bb5\/6&#8243;][vc_column_text]Performance, adolescentes, pensamiento cr\u00edtico, voz, cuerpo[\/vc_column_text][\/vc_column_inner][\/vc_row_inner][vc_row_inner el_class=\u00bbfila-contenido-prj\u00bb][vc_column_inner el_class=\u00bb-col-titulo-info-proyecto\u00bb width=\u00bb1\/6&#8243;][vc_column_text]Nivel educativo:[\/vc_column_text][\/vc_column_inner][vc_column_inner width=\u00bb5\/6&#8243;][vc_column_text]Secundaria[\/vc_column_text][\/vc_column_inner][\/vc_row_inner][vc_row_inner el_class=\u00bbfila-contenido-prj\u00bb][vc_column_inner el_class=\u00bb-col-titulo-info-proyecto\u00bb width=\u00bb1\/6&#8243;][vc_column_text]T\u00edtulo proyecto:[\/vc_column_text][\/vc_column_inner][vc_column_inner width=\u00bb5\/6&#8243;][vc_column_text]Fuera de escena[\/vc_column_text][\/vc_column_inner][\/vc_row_inner][vc_row_inner el_class=\u00bbfila-contenido-prj\u00bb][vc_column_inner el_class=\u00bb-col-titulo-info-proyecto\u00bb width=\u00bb1\/6&#8243;][vc_column_text]Artista\/s:[\/vc_column_text][\/vc_column_inner][vc_column_inner width=\u00bb5\/6&#8243;][vc_column_text]Elisa M. Matall\u00edn, Teresa Mata, Dimitris Tzikopoulos[\/vc_column_text][\/vc_column_inner][\/vc_row_inner][vc_row_inner el_class=\u00bbfila-contenido-prj\u00bb][vc_column_inner el_class=\u00bb-col-titulo-info-proyecto\u00bb width=\u00bb1\/6&#8243;][vc_column_text]Maestro\/a:[\/vc_column_text][\/vc_column_inner][vc_column_inner width=\u00bb5\/6&#8243;][vc_column_text]Remei Mart\u00ednez[\/vc_column_text][\/vc_column_inner][\/vc_row_inner][vc_row_inner el_class=\u00bbfila-contenido-prj\u00bb][vc_column_inner el_class=\u00bb-col-titulo-info-proyecto\u00bb width=\u00bb1\/6&#8243;][vc_column_text]Nombre del centro:[\/vc_column_text][\/vc_column_inner][vc_column_inner width=\u00bb5\/6&#8243;][vc_column_text]IES Guillem d\u2019Alcal\u00e0[\/vc_column_text][\/vc_column_inner][\/vc_row_inner][vc_row_inner el_class=\u00bbfila-contenido-prj\u00bb][vc_column_inner el_class=\u00bb-col-titulo-info-proyecto\u00bb width=\u00bb1\/6&#8243;][vc_column_text]Poblaci\u00f3n:[\/vc_column_text][\/vc_column_inner][vc_column_inner&hellip;\" \/>\n<meta property=\"og:url\" content=\"https:\/\/resistencies.consorcimuseus.gva.es\/es\/fuera-de-escena\/\" \/>\n<meta property=\"og:site_name\" content=\"Resist\u00e8ncies Art\u00edstiques CMCV\" \/>\n<meta property=\"article:published_time\" content=\"2020-11-24T10:41:06+00:00\" \/>\n<meta property=\"article:modified_time\" content=\"2023-04-26T13:42:43+00:00\" \/>\n<meta property=\"og:image\" content=\"https:\/\/resistencies.consorcimuseus.gva.es\/wp-content\/uploads\/2020\/11\/Tentacio\u0301n-_-2-Elisa-M.-Matalli\u0301n.jpg\" \/>\n\t<meta property=\"og:image:width\" content=\"1070\" \/>\n\t<meta property=\"og:image:height\" content=\"601\" \/>\n\t<meta property=\"og:image:type\" content=\"image\/jpeg\" \/>\n<meta name=\"author\" content=\"Resist\u00e8ncies Art\u00edstiques CMCV\" \/>\n<meta name=\"twitter:card\" content=\"summary_large_image\" \/>\n<meta name=\"twitter:label1\" content=\"Escrito por\" \/>\n\t<meta name=\"twitter:data1\" content=\"Resist\u00e8ncies Art\u00edstiques CMCV\" \/>\n\t<meta name=\"twitter:label2\" content=\"Tiempo de lectura\" \/>\n\t<meta name=\"twitter:data2\" content=\"5 minutos\" \/>\n<script type=\"application\/ld+json\" class=\"yoast-schema-graph\">{\"@context\":\"https:\\\/\\\/schema.org\",\"@graph\":[{\"@type\":\"Article\",\"@id\":\"https:\\\/\\\/resistencies.consorcimuseus.gva.es\\\/es\\\/fuera-de-escena\\\/#article\",\"isPartOf\":{\"@id\":\"https:\\\/\\\/resistencies.consorcimuseus.gva.es\\\/es\\\/fuera-de-escena\\\/\"},\"author\":{\"name\":\"Resist\u00e8ncies Art\u00edstiques CMCV\",\"@id\":\"https:\\\/\\\/resistencies.consorcimuseus.gva.es\\\/#\\\/schema\\\/person\\\/a225775d4711c439879bd4d972b8d96d\"},\"headline\":\"Fuera de escena\",\"datePublished\":\"2020-11-24T10:41:06+00:00\",\"dateModified\":\"2023-04-26T13:42:43+00:00\",\"mainEntityOfPage\":{\"@id\":\"https:\\\/\\\/resistencies.consorcimuseus.gva.es\\\/es\\\/fuera-de-escena\\\/\"},\"wordCount\":1079,\"publisher\":{\"@id\":\"https:\\\/\\\/resistencies.consorcimuseus.gva.es\\\/#organization\"},\"image\":{\"@id\":\"https:\\\/\\\/resistencies.consorcimuseus.gva.es\\\/es\\\/fuera-de-escena\\\/#primaryimage\"},\"thumbnailUrl\":\"https:\\\/\\\/resistencies.consorcimuseus.gva.es\\\/wp-content\\\/uploads\\\/2020\\\/11\\\/Tentacio\u0301n-_-2-Elisa-M.-Matalli\u0301n.jpg\",\"keywords\":[\"2018-2019\",\"Secundaria\",\"Valencia\"],\"articleSection\":[\"Cartograf\u00edas Afectivas\",\"Paisajes Sensoriales\",\"Saberes Otros\"],\"inLanguage\":\"es\"},{\"@type\":\"WebPage\",\"@id\":\"https:\\\/\\\/resistencies.consorcimuseus.gva.es\\\/es\\\/fuera-de-escena\\\/\",\"url\":\"https:\\\/\\\/resistencies.consorcimuseus.gva.es\\\/es\\\/fuera-de-escena\\\/\",\"name\":\"Fuera de escena - Resist\u00e8ncies Art\u00edstiques CMCV\",\"isPartOf\":{\"@id\":\"https:\\\/\\\/resistencies.consorcimuseus.gva.es\\\/#website\"},\"primaryImageOfPage\":{\"@id\":\"https:\\\/\\\/resistencies.consorcimuseus.gva.es\\\/es\\\/fuera-de-escena\\\/#primaryimage\"},\"image\":{\"@id\":\"https:\\\/\\\/resistencies.consorcimuseus.gva.es\\\/es\\\/fuera-de-escena\\\/#primaryimage\"},\"thumbnailUrl\":\"https:\\\/\\\/resistencies.consorcimuseus.gva.es\\\/wp-content\\\/uploads\\\/2020\\\/11\\\/Tentacio\u0301n-_-2-Elisa-M.-Matalli\u0301n.jpg\",\"datePublished\":\"2020-11-24T10:41:06+00:00\",\"dateModified\":\"2023-04-26T13:42:43+00:00\",\"breadcrumb\":{\"@id\":\"https:\\\/\\\/resistencies.consorcimuseus.gva.es\\\/es\\\/fuera-de-escena\\\/#breadcrumb\"},\"inLanguage\":\"es\",\"potentialAction\":[{\"@type\":\"ReadAction\",\"target\":[\"https:\\\/\\\/resistencies.consorcimuseus.gva.es\\\/es\\\/fuera-de-escena\\\/\"]}]},{\"@type\":\"ImageObject\",\"inLanguage\":\"es\",\"@id\":\"https:\\\/\\\/resistencies.consorcimuseus.gva.es\\\/es\\\/fuera-de-escena\\\/#primaryimage\",\"url\":\"https:\\\/\\\/resistencies.consorcimuseus.gva.es\\\/wp-content\\\/uploads\\\/2020\\\/11\\\/Tentacio\u0301n-_-2-Elisa-M.-Matalli\u0301n.jpg\",\"contentUrl\":\"https:\\\/\\\/resistencies.consorcimuseus.gva.es\\\/wp-content\\\/uploads\\\/2020\\\/11\\\/Tentacio\u0301n-_-2-Elisa-M.-Matalli\u0301n.jpg\",\"width\":1070,\"height\":601},{\"@type\":\"BreadcrumbList\",\"@id\":\"https:\\\/\\\/resistencies.consorcimuseus.gva.es\\\/es\\\/fuera-de-escena\\\/#breadcrumb\",\"itemListElement\":[{\"@type\":\"ListItem\",\"position\":1,\"name\":\"Inici\",\"item\":\"https:\\\/\\\/resistencies.consorcimuseus.gva.es\\\/es\\\/\"},{\"@type\":\"ListItem\",\"position\":2,\"name\":\"Fuera de escena\"}]},{\"@type\":\"WebSite\",\"@id\":\"https:\\\/\\\/resistencies.consorcimuseus.gva.es\\\/#website\",\"url\":\"https:\\\/\\\/resistencies.consorcimuseus.gva.es\\\/\",\"name\":\"Resist\u00e8ncies Art\u00edstiques CMCV\",\"description\":\"\",\"publisher\":{\"@id\":\"https:\\\/\\\/resistencies.consorcimuseus.gva.es\\\/#organization\"},\"potentialAction\":[{\"@type\":\"SearchAction\",\"target\":{\"@type\":\"EntryPoint\",\"urlTemplate\":\"https:\\\/\\\/resistencies.consorcimuseus.gva.es\\\/?s={search_term_string}\"},\"query-input\":{\"@type\":\"PropertyValueSpecification\",\"valueRequired\":true,\"valueName\":\"search_term_string\"}}],\"inLanguage\":\"es\"},{\"@type\":\"Organization\",\"@id\":\"https:\\\/\\\/resistencies.consorcimuseus.gva.es\\\/#organization\",\"name\":\"Resist\u00e8ncies Art\u00edstiques - CMCV\",\"url\":\"https:\\\/\\\/resistencies.consorcimuseus.gva.es\\\/\",\"logo\":{\"@type\":\"ImageObject\",\"inLanguage\":\"es\",\"@id\":\"https:\\\/\\\/resistencies.consorcimuseus.gva.es\\\/#\\\/schema\\\/logo\\\/image\\\/\",\"url\":\"https:\\\/\\\/resistencies.consorcimuseus.gva.es\\\/wp-content\\\/uploads\\\/2020\\\/03\\\/logo-consorci-museus.jpg\",\"contentUrl\":\"https:\\\/\\\/resistencies.consorcimuseus.gva.es\\\/wp-content\\\/uploads\\\/2020\\\/03\\\/logo-consorci-museus.jpg\",\"width\":122,\"height\":108,\"caption\":\"Resist\u00e8ncies Art\u00edstiques - CMCV\"},\"image\":{\"@id\":\"https:\\\/\\\/resistencies.consorcimuseus.gva.es\\\/#\\\/schema\\\/logo\\\/image\\\/\"}},{\"@type\":\"Person\",\"@id\":\"https:\\\/\\\/resistencies.consorcimuseus.gva.es\\\/#\\\/schema\\\/person\\\/a225775d4711c439879bd4d972b8d96d\",\"name\":\"Resist\u00e8ncies Art\u00edstiques CMCV\",\"image\":{\"@type\":\"ImageObject\",\"inLanguage\":\"es\",\"@id\":\"https:\\\/\\\/secure.gravatar.com\\\/avatar\\\/cb2ad6006baf46a81edf30a56e5d8362f7e38d36c7e16f6792919ef755e23ebc?s=96&d=mm&r=g\",\"url\":\"https:\\\/\\\/secure.gravatar.com\\\/avatar\\\/cb2ad6006baf46a81edf30a56e5d8362f7e38d36c7e16f6792919ef755e23ebc?s=96&d=mm&r=g\",\"contentUrl\":\"https:\\\/\\\/secure.gravatar.com\\\/avatar\\\/cb2ad6006baf46a81edf30a56e5d8362f7e38d36c7e16f6792919ef755e23ebc?s=96&d=mm&r=g\",\"caption\":\"Resist\u00e8ncies Art\u00edstiques CMCV\"}}]}<\/script>\n<!-- \/ Yoast SEO plugin. -->","yoast_head_json":{"title":"Fuera de escena - Resist\u00e8ncies Art\u00edstiques CMCV","robots":{"index":"index","follow":"follow","max-snippet":"max-snippet:-1","max-image-preview":"max-image-preview:large","max-video-preview":"max-video-preview:-1"},"canonical":"https:\/\/resistencies.consorcimuseus.gva.es\/es\/fuera-de-escena\/","og_locale":"es_ES","og_type":"article","og_title":"Fuera de escena - Resist\u00e8ncies Art\u00edstiques CMCV","og_description":"[vc_row][vc_column][vc_separator color=\u00bbblack\u00bb border_width=\u00bb2&#8243;][\/vc_column][\/vc_row][vc_row][vc_column][vc_row_inner el_class=\u00bbfila-contenido-prj\u00bb][vc_column_inner el_class=\u00bb-col-titulo-info-proyecto\u00bb width=\u00bb1\/6&#8243;][vc_column_text]Convocatoria:[\/vc_column_text][\/vc_column_inner][vc_column_inner width=\u00bb5\/6&#8243;][vc_column_text]2018-2019[\/vc_column_text][\/vc_column_inner][\/vc_row_inner][vc_row_inner el_class=\u00bbfila-contenido-prj\u00bb][vc_column_inner el_class=\u00bb-col-titulo-info-proyecto\u00bb width=\u00bb1\/6&#8243;][vc_column_text]Conceptos clave:[\/vc_column_text][\/vc_column_inner][vc_column_inner width=\u00bb5\/6&#8243;][vc_column_text]Performance, adolescentes, pensamiento cr\u00edtico, voz, cuerpo[\/vc_column_text][\/vc_column_inner][\/vc_row_inner][vc_row_inner el_class=\u00bbfila-contenido-prj\u00bb][vc_column_inner el_class=\u00bb-col-titulo-info-proyecto\u00bb width=\u00bb1\/6&#8243;][vc_column_text]Nivel educativo:[\/vc_column_text][\/vc_column_inner][vc_column_inner width=\u00bb5\/6&#8243;][vc_column_text]Secundaria[\/vc_column_text][\/vc_column_inner][\/vc_row_inner][vc_row_inner el_class=\u00bbfila-contenido-prj\u00bb][vc_column_inner el_class=\u00bb-col-titulo-info-proyecto\u00bb width=\u00bb1\/6&#8243;][vc_column_text]T\u00edtulo proyecto:[\/vc_column_text][\/vc_column_inner][vc_column_inner width=\u00bb5\/6&#8243;][vc_column_text]Fuera de escena[\/vc_column_text][\/vc_column_inner][\/vc_row_inner][vc_row_inner el_class=\u00bbfila-contenido-prj\u00bb][vc_column_inner el_class=\u00bb-col-titulo-info-proyecto\u00bb width=\u00bb1\/6&#8243;][vc_column_text]Artista\/s:[\/vc_column_text][\/vc_column_inner][vc_column_inner width=\u00bb5\/6&#8243;][vc_column_text]Elisa M. Matall\u00edn, Teresa Mata, Dimitris Tzikopoulos[\/vc_column_text][\/vc_column_inner][\/vc_row_inner][vc_row_inner el_class=\u00bbfila-contenido-prj\u00bb][vc_column_inner el_class=\u00bb-col-titulo-info-proyecto\u00bb width=\u00bb1\/6&#8243;][vc_column_text]Maestro\/a:[\/vc_column_text][\/vc_column_inner][vc_column_inner width=\u00bb5\/6&#8243;][vc_column_text]Remei Mart\u00ednez[\/vc_column_text][\/vc_column_inner][\/vc_row_inner][vc_row_inner el_class=\u00bbfila-contenido-prj\u00bb][vc_column_inner el_class=\u00bb-col-titulo-info-proyecto\u00bb width=\u00bb1\/6&#8243;][vc_column_text]Nombre del centro:[\/vc_column_text][\/vc_column_inner][vc_column_inner width=\u00bb5\/6&#8243;][vc_column_text]IES Guillem d\u2019Alcal\u00e0[\/vc_column_text][\/vc_column_inner][\/vc_row_inner][vc_row_inner el_class=\u00bbfila-contenido-prj\u00bb][vc_column_inner el_class=\u00bb-col-titulo-info-proyecto\u00bb width=\u00bb1\/6&#8243;][vc_column_text]Poblaci\u00f3n:[\/vc_column_text][\/vc_column_inner][vc_column_inner&hellip;","og_url":"https:\/\/resistencies.consorcimuseus.gva.es\/es\/fuera-de-escena\/","og_site_name":"Resist\u00e8ncies Art\u00edstiques CMCV","article_published_time":"2020-11-24T10:41:06+00:00","article_modified_time":"2023-04-26T13:42:43+00:00","og_image":[{"width":1070,"height":601,"url":"https:\/\/resistencies.consorcimuseus.gva.es\/wp-content\/uploads\/2020\/11\/Tentacio\u0301n-_-2-Elisa-M.-Matalli\u0301n.jpg","type":"image\/jpeg"}],"author":"Resist\u00e8ncies Art\u00edstiques CMCV","twitter_card":"summary_large_image","twitter_misc":{"Escrito por":"Resist\u00e8ncies Art\u00edstiques CMCV","Tiempo de lectura":"5 minutos"},"schema":{"@context":"https:\/\/schema.org","@graph":[{"@type":"Article","@id":"https:\/\/resistencies.consorcimuseus.gva.es\/es\/fuera-de-escena\/#article","isPartOf":{"@id":"https:\/\/resistencies.consorcimuseus.gva.es\/es\/fuera-de-escena\/"},"author":{"name":"Resist\u00e8ncies Art\u00edstiques CMCV","@id":"https:\/\/resistencies.consorcimuseus.gva.es\/#\/schema\/person\/a225775d4711c439879bd4d972b8d96d"},"headline":"Fuera de escena","datePublished":"2020-11-24T10:41:06+00:00","dateModified":"2023-04-26T13:42:43+00:00","mainEntityOfPage":{"@id":"https:\/\/resistencies.consorcimuseus.gva.es\/es\/fuera-de-escena\/"},"wordCount":1079,"publisher":{"@id":"https:\/\/resistencies.consorcimuseus.gva.es\/#organization"},"image":{"@id":"https:\/\/resistencies.consorcimuseus.gva.es\/es\/fuera-de-escena\/#primaryimage"},"thumbnailUrl":"https:\/\/resistencies.consorcimuseus.gva.es\/wp-content\/uploads\/2020\/11\/Tentacio\u0301n-_-2-Elisa-M.-Matalli\u0301n.jpg","keywords":["2018-2019","Secundaria","Valencia"],"articleSection":["Cartograf\u00edas Afectivas","Paisajes Sensoriales","Saberes Otros"],"inLanguage":"es"},{"@type":"WebPage","@id":"https:\/\/resistencies.consorcimuseus.gva.es\/es\/fuera-de-escena\/","url":"https:\/\/resistencies.consorcimuseus.gva.es\/es\/fuera-de-escena\/","name":"Fuera de escena - Resist\u00e8ncies Art\u00edstiques CMCV","isPartOf":{"@id":"https:\/\/resistencies.consorcimuseus.gva.es\/#website"},"primaryImageOfPage":{"@id":"https:\/\/resistencies.consorcimuseus.gva.es\/es\/fuera-de-escena\/#primaryimage"},"image":{"@id":"https:\/\/resistencies.consorcimuseus.gva.es\/es\/fuera-de-escena\/#primaryimage"},"thumbnailUrl":"https:\/\/resistencies.consorcimuseus.gva.es\/wp-content\/uploads\/2020\/11\/Tentacio\u0301n-_-2-Elisa-M.-Matalli\u0301n.jpg","datePublished":"2020-11-24T10:41:06+00:00","dateModified":"2023-04-26T13:42:43+00:00","breadcrumb":{"@id":"https:\/\/resistencies.consorcimuseus.gva.es\/es\/fuera-de-escena\/#breadcrumb"},"inLanguage":"es","potentialAction":[{"@type":"ReadAction","target":["https:\/\/resistencies.consorcimuseus.gva.es\/es\/fuera-de-escena\/"]}]},{"@type":"ImageObject","inLanguage":"es","@id":"https:\/\/resistencies.consorcimuseus.gva.es\/es\/fuera-de-escena\/#primaryimage","url":"https:\/\/resistencies.consorcimuseus.gva.es\/wp-content\/uploads\/2020\/11\/Tentacio\u0301n-_-2-Elisa-M.-Matalli\u0301n.jpg","contentUrl":"https:\/\/resistencies.consorcimuseus.gva.es\/wp-content\/uploads\/2020\/11\/Tentacio\u0301n-_-2-Elisa-M.-Matalli\u0301n.jpg","width":1070,"height":601},{"@type":"BreadcrumbList","@id":"https:\/\/resistencies.consorcimuseus.gva.es\/es\/fuera-de-escena\/#breadcrumb","itemListElement":[{"@type":"ListItem","position":1,"name":"Inici","item":"https:\/\/resistencies.consorcimuseus.gva.es\/es\/"},{"@type":"ListItem","position":2,"name":"Fuera de escena"}]},{"@type":"WebSite","@id":"https:\/\/resistencies.consorcimuseus.gva.es\/#website","url":"https:\/\/resistencies.consorcimuseus.gva.es\/","name":"Resist\u00e8ncies Art\u00edstiques CMCV","description":"","publisher":{"@id":"https:\/\/resistencies.consorcimuseus.gva.es\/#organization"},"potentialAction":[{"@type":"SearchAction","target":{"@type":"EntryPoint","urlTemplate":"https:\/\/resistencies.consorcimuseus.gva.es\/?s={search_term_string}"},"query-input":{"@type":"PropertyValueSpecification","valueRequired":true,"valueName":"search_term_string"}}],"inLanguage":"es"},{"@type":"Organization","@id":"https:\/\/resistencies.consorcimuseus.gva.es\/#organization","name":"Resist\u00e8ncies Art\u00edstiques - CMCV","url":"https:\/\/resistencies.consorcimuseus.gva.es\/","logo":{"@type":"ImageObject","inLanguage":"es","@id":"https:\/\/resistencies.consorcimuseus.gva.es\/#\/schema\/logo\/image\/","url":"https:\/\/resistencies.consorcimuseus.gva.es\/wp-content\/uploads\/2020\/03\/logo-consorci-museus.jpg","contentUrl":"https:\/\/resistencies.consorcimuseus.gva.es\/wp-content\/uploads\/2020\/03\/logo-consorci-museus.jpg","width":122,"height":108,"caption":"Resist\u00e8ncies Art\u00edstiques - CMCV"},"image":{"@id":"https:\/\/resistencies.consorcimuseus.gva.es\/#\/schema\/logo\/image\/"}},{"@type":"Person","@id":"https:\/\/resistencies.consorcimuseus.gva.es\/#\/schema\/person\/a225775d4711c439879bd4d972b8d96d","name":"Resist\u00e8ncies Art\u00edstiques CMCV","image":{"@type":"ImageObject","inLanguage":"es","@id":"https:\/\/secure.gravatar.com\/avatar\/cb2ad6006baf46a81edf30a56e5d8362f7e38d36c7e16f6792919ef755e23ebc?s=96&d=mm&r=g","url":"https:\/\/secure.gravatar.com\/avatar\/cb2ad6006baf46a81edf30a56e5d8362f7e38d36c7e16f6792919ef755e23ebc?s=96&d=mm&r=g","contentUrl":"https:\/\/secure.gravatar.com\/avatar\/cb2ad6006baf46a81edf30a56e5d8362f7e38d36c7e16f6792919ef755e23ebc?s=96&d=mm&r=g","caption":"Resist\u00e8ncies Art\u00edstiques CMCV"}}]}},"_links":{"self":[{"href":"https:\/\/resistencies.consorcimuseus.gva.es\/es\/wp-json\/wp\/v2\/posts\/1053","targetHints":{"allow":["GET"]}}],"collection":[{"href":"https:\/\/resistencies.consorcimuseus.gva.es\/es\/wp-json\/wp\/v2\/posts"}],"about":[{"href":"https:\/\/resistencies.consorcimuseus.gva.es\/es\/wp-json\/wp\/v2\/types\/post"}],"author":[{"embeddable":true,"href":"https:\/\/resistencies.consorcimuseus.gva.es\/es\/wp-json\/wp\/v2\/users\/3"}],"replies":[{"embeddable":true,"href":"https:\/\/resistencies.consorcimuseus.gva.es\/es\/wp-json\/wp\/v2\/comments?post=1053"}],"version-history":[{"count":0,"href":"https:\/\/resistencies.consorcimuseus.gva.es\/es\/wp-json\/wp\/v2\/posts\/1053\/revisions"}],"wp:featuredmedia":[{"embeddable":true,"href":"https:\/\/resistencies.consorcimuseus.gva.es\/es\/wp-json\/wp\/v2\/media\/1051"}],"wp:attachment":[{"href":"https:\/\/resistencies.consorcimuseus.gva.es\/es\/wp-json\/wp\/v2\/media?parent=1053"}],"wp:term":[{"taxonomy":"category","embeddable":true,"href":"https:\/\/resistencies.consorcimuseus.gva.es\/es\/wp-json\/wp\/v2\/categories?post=1053"},{"taxonomy":"post_tag","embeddable":true,"href":"https:\/\/resistencies.consorcimuseus.gva.es\/es\/wp-json\/wp\/v2\/tags?post=1053"}],"curies":[{"name":"wp","href":"https:\/\/api.w.org\/{rel}","templated":true}]}}