{"id":2955,"date":"2023-04-20T13:22:51","date_gmt":"2023-04-20T11:22:51","guid":{"rendered":"https:\/\/resistencies.consorcimuseus.gva.es\/?p=2955"},"modified":"2023-04-20T13:22:51","modified_gmt":"2023-04-20T11:22:51","slug":"capsulas-para-el-futuro","status":"publish","type":"post","link":"https:\/\/resistencies.consorcimuseus.gva.es\/es\/capsulas-para-el-futuro\/","title":{"rendered":"C\u00e1psulas para el futuro"},"content":{"rendered":"<div class=\"wpb-content-wrapper\"><p>[vc_row][vc_column][vc_separator color=\u00bbblack\u00bb border_width=\u00bb2&#8243;][\/vc_column][\/vc_row][vc_row][vc_column][vc_row_inner el_class=\u00bbfila-contenido-prj\u00bb][vc_column_inner el_class=\u00bb-col-titulo-info-proyecto\u00bb width=\u00bb1\/6&#8243;][vc_column_text]<strong>Convocatoria:<\/strong>[\/vc_column_text][\/vc_column_inner][vc_column_inner width=\u00bb5\/6&#8243;][vc_column_text]2021-2022[\/vc_column_text][\/vc_column_inner][\/vc_row_inner][vc_row_inner el_class=\u00bbfila-contenido-prj\u00bb][vc_column_inner el_class=\u00bb-col-titulo-info-proyecto\u00bb width=\u00bb1\/6&#8243;][vc_column_text]<strong>Conceptos clave:<\/strong>[\/vc_column_text][\/vc_column_inner][vc_column_inner width=\u00bb5\/6&#8243;][vc_column_text]Podcast, memorias cotidianas, pl\u00e1stica sonora, voz e historias propias[\/vc_column_text][\/vc_column_inner][\/vc_row_inner][vc_row_inner el_class=\u00bbfila-contenido-prj\u00bb][vc_column_inner el_class=\u00bb-col-titulo-info-proyecto\u00bb width=\u00bb1\/6&#8243;][vc_column_text]<strong>Nivel educativo:<\/strong>[\/vc_column_text][\/vc_column_inner][vc_column_inner width=\u00bb5\/6&#8243;][vc_column_text]Primaria[\/vc_column_text][\/vc_column_inner][\/vc_row_inner][vc_row_inner el_class=\u00bbfila-contenido-prj\u00bb][vc_column_inner el_class=\u00bb-col-titulo-info-proyecto\u00bb width=\u00bb1\/6&#8243;][vc_column_text]<strong>T\u00edtulo proyecto:<\/strong>[\/vc_column_text][\/vc_column_inner][vc_column_inner width=\u00bb5\/6&#8243;][vc_column_text]C\u00e1psulas para el futuro[\/vc_column_text][\/vc_column_inner][\/vc_row_inner][vc_row_inner el_class=\u00bbfila-contenido-prj\u00bb][vc_column_inner el_class=\u00bb-col-titulo-info-proyecto\u00bb width=\u00bb1\/6&#8243;][vc_column_text]<strong>Artista\/s:<\/strong>[\/vc_column_text][\/vc_column_inner][vc_column_inner width=\u00bb5\/6&#8243;][vc_column_text]Estefan\u00eda D\u00edaz Ramos[\/vc_column_text][\/vc_column_inner][\/vc_row_inner][vc_row_inner el_class=\u00bbfila-contenido-prj\u00bb][vc_column_inner el_class=\u00bb-col-titulo-info-proyecto\u00bb width=\u00bb1\/6&#8243;][vc_column_text]<strong>Maestro\/a:<\/strong>[\/vc_column_text][\/vc_column_inner][vc_column_inner width=\u00bb5\/6&#8243;][vc_column_text]David Albert[\/vc_column_text][\/vc_column_inner][\/vc_row_inner][vc_row_inner el_class=\u00bbfila-contenido-prj\u00bb][vc_column_inner el_class=\u00bb-col-titulo-info-proyecto\u00bb width=\u00bb1\/6&#8243;][vc_column_text]<strong>Nombre del centro:<\/strong>[\/vc_column_text][\/vc_column_inner][vc_column_inner width=\u00bb5\/6&#8243;][vc_column_text]CEIP Maestro Carmelo Ripoll[\/vc_column_text][\/vc_column_inner][\/vc_row_inner][vc_row_inner el_class=\u00bbfila-contenido-prj\u00bb][vc_column_inner el_class=\u00bb-col-titulo-info-proyecto\u00bb width=\u00bb1\/6&#8243;][vc_column_text]<strong>Poblaci\u00f3n:<\/strong>[\/vc_column_text][\/vc_column_inner][vc_column_inner width=\u00bb5\/6&#8243;][vc_column_text]Valencia[\/vc_column_text][\/vc_column_inner][\/vc_row_inner][vc_empty_space height=\u00bb15px\u00bb][\/vc_column][\/vc_row][vc_row][vc_column][vc_separator color=\u00bbblack\u00bb border_width=\u00bb2&#8243;][\/vc_column][\/vc_row][vc_row][vc_column][vc_row_inner el_class=\u00bbfila-contenido-prj\u00bb][vc_column_inner el_class=\u00bb-col-titulo-info-proyecto\u00bb width=\u00bb1\/6&#8243;][vc_column_text]<strong>Resumen proyecto:<\/strong>[\/vc_column_text][\/vc_column_inner][vc_column_inner width=\u00bb5\/6&#8243;][vc_column_text]<strong>C\u00e1psulas para el futuro<\/strong> nace con la intenci\u00f3n de promover espacios dentro del entorno educativo que potencien el di\u00e1logo y el trabajo en equipo por medio\u00a0 de estrategias de investigaci\u00f3n colaborativa que empoderen a las y los estudiantes, a trav\u00e9s de herramientas provenientes de la producci\u00f3n sonora.<\/p>\n<p>Al plantear como prioridad la creaci\u00f3n colectiva activa y cr\u00edtica, toma como materia\u00a0 prima\u00a0 la forma en que cada individuo se entiende dentro de su vida cotidiana y las historias que de all\u00ed surgen a manera de auto-representaci\u00f3n en un futuro.<\/p>\n<p>As\u00ed, dando voz y cabida a las representaciones sonoras como herramientas\u00a0 pedag\u00f3gicas, procura visibilizar aquellos\u00a0 saberes y experiencias diarias dentro del espectro de una\u00a0 memoria m\u00e1s inmediata, que\u00a0 muchas veces no se encuentra\u00a0 de forma expl\u00edcita\u00a0 en los programas curriculares de historia e identidad.<\/p>\n<p>El podcast (Conjunto de producciones sonoras o audios de palabra hablada, con intenci\u00f3n narrativa, que tienen como plataforma de difusi\u00f3n internet) se convierte en forma de enviar un\u00a0 mensaje\u00a0 a un futuro pr\u00f3ximo o\u00a0 lejano a\u00a0 trav\u00e9s\u00a0 de la\u00a0 voz\u00a0 y\u00a0 la\u00a0 pl\u00e1stica\u00a0 sonora.\u00a0 Adem\u00e1s,\u00a0 el papel de la\u00a0 escucha,\u00a0 tanto de los otros como del espacio circundante, procura fortalecer los lazos entre los estudiantes y su entorno educativo.<\/p>\n<p>El proyecto acerca a los y las estudiantes al fen\u00f3meno de nuevas narrativas digitales a trav\u00e9s de procesos creativos experimentales que \u2013con herramientas de f\u00e1cil acceso\u2013 no solo fortalecen t\u00e9cnicas\u00a0 \u00fatiles\u00a0 en la\u00a0 era de la informaci\u00f3n, sino que tambi\u00e9n\u00a0 proporcionan habilidades discursivas y comunicativas por medio de la\u00a0 construcci\u00f3n cr\u00edtica de una memoria sonora propia.<\/p>\n<p>Este proyecto destaca la importancia de entendernos y representarnos a trav\u00e9s del sonido\u00a0 como forma de transmisi\u00f3n\u00a0 e intercambio experiencial alrededor de la memoria de nuestra \u00e9poca.[\/vc_column_text][\/vc_column_inner][\/vc_row_inner][vc_row_inner el_class=\u00bbfila-contenido-prj\u00bb][vc_column_inner el_class=\u00bb-col-titulo-info-proyecto\u00bb width=\u00bb1\/6&#8243;][vc_column_text]<strong>Redes sociales:<\/strong>[\/vc_column_text][\/vc_column_inner][vc_column_inner width=\u00bb5\/6&#8243;]<style type=\"text\/css\" data-type=\"the7_shortcodes-inline-css\">.dt-shortcode-soc-icons.soc-icons-ee5f98c060ba5f8d9bd732d23d07248b a {\n  margin-right: 6px;\n}\n.dt-shortcode-soc-icons a.soc-icons-ee5f98c060ba5f8d9bd732d23d07248b {\n  margin-right: 6px;\n}\n.dt-shortcode-soc-icons a.soc-icons-ee5f98c060ba5f8d9bd732d23d07248b:last-child {\n  margin-right: 0;\n}\n.dt-shortcode-soc-icons a.soc-icons-ee5f98c060ba5f8d9bd732d23d07248b:before,\n.dt-shortcode-soc-icons a.soc-icons-ee5f98c060ba5f8d9bd732d23d07248b:after {\n  padding: inherit;\n}\n.dt-shortcode-soc-icons a.soc-icons-ee5f98c060ba5f8d9bd732d23d07248b.dt-icon-border-on:before {\n  border:  solid ;\n}\n.dt-shortcode-soc-icons a.soc-icons-ee5f98c060ba5f8d9bd732d23d07248b.dt-icon-hover-border-on:after {\n  border:  solid ;\n}<\/style><div class=\"dt-shortcode-soc-icons  soc-icons-ee5f98c060ba5f8d9bd732d23d07248b soc-icons-left \" ><style type=\"text\/css\" data-type=\"the7_shortcodes-inline-css\">.dt-shortcode-soc-icons a.single-soc-icon-69c64dd438292e5eb8ca67e93610375e {\n  min-width: 28px;\n  min-height: 28px;\n  font-size: 18px;\n  border-radius: 100px;\n}\n.dt-shortcode-soc-icons a.single-soc-icon-69c64dd438292e5eb8ca67e93610375e:last-child {\n  margin-right: 0;\n}\n.dt-shortcode-soc-icons a.single-soc-icon-69c64dd438292e5eb8ca67e93610375e:before,\n.dt-shortcode-soc-icons a.single-soc-icon-69c64dd438292e5eb8ca67e93610375e:after {\n  min-width: 28px;\n  min-height: 28px;\n  padding: inherit;\n}\n#page .dt-shortcode-soc-icons a.single-soc-icon-69c64dd438292e5eb8ca67e93610375e.dt-icon-bg-on:before,\n#phantom .dt-shortcode-soc-icons a.single-soc-icon-69c64dd438292e5eb8ca67e93610375e.dt-icon-bg-on:before {\n  background: #ffffff;\n}\n.dt-shortcode-soc-icons a.single-soc-icon-69c64dd438292e5eb8ca67e93610375e.dt-icon-border-on:before {\n  border: 1px solid #000000;\n}\n.dt-shortcode-soc-icons a.single-soc-icon-69c64dd438292e5eb8ca67e93610375e.dt-icon-hover-border-on:after {\n  border: 1px solid #000000;\n}\n.dt-shortcode-soc-icons a.single-soc-icon-69c64dd438292e5eb8ca67e93610375e:hover {\n  font-size: 18px;\n}\n#page .dt-shortcode-soc-icons a.single-soc-icon-69c64dd438292e5eb8ca67e93610375e:hover .soc-font-icon,\n#phantom .dt-shortcode-soc-icons a.single-soc-icon-69c64dd438292e5eb8ca67e93610375e:hover .soc-font-icon,\n#page .dt-shortcode-soc-icons a.single-soc-icon-69c64dd438292e5eb8ca67e93610375e:hover .soc-icon,\n#phantom .dt-shortcode-soc-icons a.single-soc-icon-69c64dd438292e5eb8ca67e93610375e:hover .soc-icon {\n  color: #ffffff;\n  background: none;\n}\n#page .dt-shortcode-soc-icons a.single-soc-icon-69c64dd438292e5eb8ca67e93610375e.dt-icon-hover-bg-on:after,\n#phantom .dt-shortcode-soc-icons a.single-soc-icon-69c64dd438292e5eb8ca67e93610375e.dt-icon-hover-bg-on:after {\n  background: #000000;\n}\n#page .dt-shortcode-soc-icons a.single-soc-icon-69c64dd438292e5eb8ca67e93610375e:not(:hover) .soc-font-icon,\n#phantom .dt-shortcode-soc-icons a.single-soc-icon-69c64dd438292e5eb8ca67e93610375e:not(:hover) .soc-font-icon,\n#page .dt-shortcode-soc-icons a.single-soc-icon-69c64dd438292e5eb8ca67e93610375e:not(:hover) .soc-icon,\n#phantom .dt-shortcode-soc-icons a.single-soc-icon-69c64dd438292e5eb8ca67e93610375e:not(:hover) .soc-icon {\n  color: #000000;\n  background: none;\n}\n.dt-shortcode-soc-icons a.single-soc-icon-69c64dd438292e5eb8ca67e93610375e .soc-font-icon,\n.dt-shortcode-soc-icons a.single-soc-icon-69c64dd438292e5eb8ca67e93610375e .soc-icon {\n  font-size: 18px;\n}<\/style><a title=\"Instagram\" href=\"https:\/\/www.instagram.com\/estefy15091\/\" target=\"_blank\" rel=\"nofollow\" class=\"instagram single-soc-icon-69c64dd438292e5eb8ca67e93610375e dt-icon-bg-on dt-icon-border-on dt-icon-hover-border-on dt-icon-hover-bg-on\"><i class=\"soc-icon soc-font-icon dt-icon-instagram\"><\/i><span class=\"screen-reader-text\">Instagram<\/span><\/a><\/div>[\/vc_column_inner][\/vc_row_inner][vc_empty_space height=\u00bb10px\u00bb][vc_row_inner][vc_column_inner el_class=\u00bb-col-titulo-info-proyecto\u00bb width=\u00bb1\/6&#8243;][vc_column_text]<strong>Bio:<\/strong>[\/vc_column_text][\/vc_column_inner][vc_column_inner width=\u00bb5\/6&#8243;][vc_column_text]<strong>Estefan\u00eda D\u00edaz Ramos <\/strong>es investigadora y artista nacida en Colombia, con acercamientos a campos como Estudios Culturales, Investigacio\u0301n Accio\u0301n Participante, Produccio\u0301n arti\u0301stica interactiva, visual y sonora, Arte participativo, Escritura de ficcio\u0301n, Periodismo y Comunicacio\u0301n.<\/p>\n<p>Su investigacio\u0301n y produccio\u0301n se han enfocado en las formas de activaci\u00f3n y acercamiento a las memorias colectivas desde pr\u00e1cticas sonoras y audiovisuales; teniendo como tema paralelo, la construccio\u0301n del territorio a trave\u0301s de percepciones cotidianas.<\/p>\n<p>Ha participado en proyectos de investigaci\u00f3n participativa con grupos infantiles, creacio\u0301n de documentales colaborativos, cartografi\u0301a social, y reporteri\u0301a gra\u0301fica, escrita e interactiva. Su trabajo ha sido expuesto en ciudades de Espan\u0303a y Colombia.<\/p>\n<p>Actualmente, es Doctoranda del programa de Doctorado en Arte: Produccio\u0301n e Investigacio\u0301n y personal investigador en formacio\u0301n del Departamento de Escultura de la Facultad de Bellas Artes en la Universitat Polite\u0300cnica de Vale\u0300ncia. Es Socio\u0301loga de la Universidad Nacional de Colombia y Ma\u0301ster en Artes Visuales y Multimedia de la Universitat Polite\u0300cnica de Vale\u0300ncia.<\/p>\n<p>.[\/vc_column_text][\/vc_column_inner][\/vc_row_inner][vc_empty_space height=\u00bb15px\u00bb][vc_empty_space height=\u00bb15px\u00bb][\/vc_column][\/vc_row][vc_row][vc_column][vc_separator color=\u00bbblack\u00bb border_width=\u00bb2&#8243;][\/vc_column][\/vc_row][vc_row el_class=\u00bbcontenido-proyecto\u00bb][vc_column width=\u00bb1\/6&#8243;][vc_column_text]<strong>Documentaci\u00f3n gr\u00e1fica:<\/strong>[\/vc_column_text][vc_empty_space height=\u00bb15px\u00bb][\/vc_column][vc_column width=\u00bb5\/6&#8243;]<style type=\"text\/css\" data-type=\"the7_shortcodes-inline-css\">.gallery-shortcode.gallery-masonry-shortcode-id-1e2312384e395133aa09cbe0b6cd4fa2 figure,\n.gallery-shortcode.gallery-masonry-shortcode-id-1e2312384e395133aa09cbe0b6cd4fa2 .rollover,\n.gallery-shortcode.gallery-masonry-shortcode-id-1e2312384e395133aa09cbe0b6cd4fa2 img,\n.gallery-shortcode.gallery-masonry-shortcode-id-1e2312384e395133aa09cbe0b6cd4fa2 .gallery-rollover {\n  border-radius: 0px;\n}\n.gallery-shortcode.gallery-masonry-shortcode-id-1e2312384e395133aa09cbe0b6cd4fa2.enable-bg-rollover .gallery-rollover {\n  background: -webkit-linear-gradient();\n  background: linear-gradient();\n}\n.gallery-shortcode.gallery-masonry-shortcode-id-1e2312384e395133aa09cbe0b6cd4fa2.enable-bg-rollover.hover-scale figure .rollover:after {\n  background: -webkit-linear-gradient();\n  background: linear-gradient();\n}\n.gallery-shortcode.gallery-masonry-shortcode-id-1e2312384e395133aa09cbe0b6cd4fa2 .gallery-zoom-ico {\n  width: 44px;\n  height: 44px;\n  line-height: 44px;\n  border-radius: 100px;\n  margin: -22px 0 0 -22px;\n  border-width: 0px;\n  color: #ffffff;\n}\n.dt-icon-bg-on.gallery-shortcode.gallery-masonry-shortcode-id-1e2312384e395133aa09cbe0b6cd4fa2 .gallery-zoom-ico {\n  background: rgba(255,255,255,0.3);\n  box-shadow: none;\n}\n.gallery-shortcode.gallery-masonry-shortcode-id-1e2312384e395133aa09cbe0b6cd4fa2 .gallery-zoom-ico:before,\n.gallery-shortcode.gallery-masonry-shortcode-id-1e2312384e395133aa09cbe0b6cd4fa2 .gallery-zoom-ico span {\n  font-size: 32px;\n  line-height: 44px;\n  color: #ffffff;\n}\n.gallery-shortcode.gallery-masonry-shortcode-id-1e2312384e395133aa09cbe0b6cd4fa2:not(.resize-by-browser-width) .dt-css-grid {\n  grid-row-gap: 10px;\n  grid-column-gap: 10px;\n  grid-template-columns: repeat(auto-fill,minmax(,1fr));\n}\n.gallery-shortcode.gallery-masonry-shortcode-id-1e2312384e395133aa09cbe0b6cd4fa2:not(.resize-by-browser-width) .dt-css-grid .double-width {\n  grid-column: span 2;\n}\n.cssgridlegacy.no-cssgrid .gallery-shortcode.gallery-masonry-shortcode-id-1e2312384e395133aa09cbe0b6cd4fa2:not(.resize-by-browser-width) .dt-css-grid,\n.no-cssgridlegacy.no-cssgrid .gallery-shortcode.gallery-masonry-shortcode-id-1e2312384e395133aa09cbe0b6cd4fa2:not(.resize-by-browser-width) .dt-css-grid {\n  display: flex;\n  flex-flow: row wrap;\n  margin: -5px;\n}\n.cssgridlegacy.no-cssgrid .gallery-shortcode.gallery-masonry-shortcode-id-1e2312384e395133aa09cbe0b6cd4fa2:not(.resize-by-browser-width) .dt-css-grid .wf-cell,\n.no-cssgridlegacy.no-cssgrid .gallery-shortcode.gallery-masonry-shortcode-id-1e2312384e395133aa09cbe0b6cd4fa2:not(.resize-by-browser-width) .dt-css-grid .wf-cell {\n  flex: 1 0 ;\n  max-width: 100%;\n  padding: 5px;\n  box-sizing: border-box;\n}\n.gallery-shortcode.gallery-masonry-shortcode-id-1e2312384e395133aa09cbe0b6cd4fa2.resize-by-browser-width .dt-css-grid {\n  grid-template-columns: repeat(3,1fr);\n  grid-template-rows: auto;\n  grid-column-gap: 10px;\n  grid-row-gap: 10px;\n}\n.gallery-shortcode.gallery-masonry-shortcode-id-1e2312384e395133aa09cbe0b6cd4fa2.resize-by-browser-width .dt-css-grid .double-width {\n  grid-column: span 2;\n}\n.cssgridlegacy.no-cssgrid .gallery-shortcode.gallery-masonry-shortcode-id-1e2312384e395133aa09cbe0b6cd4fa2.resize-by-browser-width .dt-css-grid {\n  margin: -5px;\n}\n.cssgridlegacy.no-cssgrid .gallery-shortcode.gallery-masonry-shortcode-id-1e2312384e395133aa09cbe0b6cd4fa2.resize-by-browser-width .dt-css-grid .wf-cell {\n  width: 33.333333333333%;\n  padding: 5px;\n}\n.cssgridlegacy.no-cssgrid .gallery-shortcode.gallery-masonry-shortcode-id-1e2312384e395133aa09cbe0b6cd4fa2.resize-by-browser-width .dt-css-grid .wf-cell.double-width {\n  width: calc(33.333333333333%) * 2;\n}\n.gallery-shortcode.gallery-masonry-shortcode-id-1e2312384e395133aa09cbe0b6cd4fa2.resize-by-browser-width:not(.centered-layout-list):not(.content-bg-on) .dt-css-grid {\n  grid-row-gap: 10px - ;\n}\n@media screen and (max-width: 1199px) {\n  .gallery-shortcode.gallery-masonry-shortcode-id-1e2312384e395133aa09cbe0b6cd4fa2.resize-by-browser-width .dt-css-grid {\n    grid-template-columns: repeat(3,1fr);\n  }\n  .cssgridlegacy.no-cssgrid .gallery-shortcode.gallery-masonry-shortcode-id-1e2312384e395133aa09cbe0b6cd4fa2.resize-by-browser-width .dt-css-grid .wf-cell,\n  .no-cssgridlegacy.no-cssgrid .gallery-shortcode.gallery-masonry-shortcode-id-1e2312384e395133aa09cbe0b6cd4fa2.resize-by-browser-width .dt-css-grid .wf-cell {\n    width: 33.333333333333%;\n  }\n  .cssgridlegacy.no-cssgrid .gallery-shortcode.gallery-masonry-shortcode-id-1e2312384e395133aa09cbe0b6cd4fa2.resize-by-browser-width .dt-css-grid .wf-cell.double-width,\n  .no-cssgridlegacy.no-cssgrid .gallery-shortcode.gallery-masonry-shortcode-id-1e2312384e395133aa09cbe0b6cd4fa2.resize-by-browser-width .dt-css-grid .wf-cell.double-width {\n    width: calc(33.333333333333%)*2;\n  }\n}\n@media screen and (max-width: 991px) {\n  .gallery-shortcode.gallery-masonry-shortcode-id-1e2312384e395133aa09cbe0b6cd4fa2.resize-by-browser-width .dt-css-grid {\n    grid-template-columns: repeat(2,1fr);\n  }\n  .cssgridlegacy.no-cssgrid .gallery-shortcode.gallery-masonry-shortcode-id-1e2312384e395133aa09cbe0b6cd4fa2.resize-by-browser-width .dt-css-grid .wf-cell,\n  .no-cssgridlegacy.no-cssgrid .gallery-shortcode.gallery-masonry-shortcode-id-1e2312384e395133aa09cbe0b6cd4fa2.resize-by-browser-width .dt-css-grid .wf-cell {\n    width: 50%;\n  }\n  .cssgridlegacy.no-cssgrid .gallery-shortcode.gallery-masonry-shortcode-id-1e2312384e395133aa09cbe0b6cd4fa2.resize-by-browser-width .dt-css-grid .wf-cell.double-width,\n  .no-cssgridlegacy.no-cssgrid .gallery-shortcode.gallery-masonry-shortcode-id-1e2312384e395133aa09cbe0b6cd4fa2.resize-by-browser-width .dt-css-grid .wf-cell.double-width {\n    width: calc(50%)*2;\n  }\n}\n@media screen and (max-width: 767px) {\n  .gallery-shortcode.gallery-masonry-shortcode-id-1e2312384e395133aa09cbe0b6cd4fa2.resize-by-browser-width .dt-css-grid {\n    grid-template-columns: repeat(1,1fr);\n  }\n  .cssgridlegacy.no-cssgrid .gallery-shortcode.gallery-masonry-shortcode-id-1e2312384e395133aa09cbe0b6cd4fa2.resize-by-browser-width .dt-css-grid .wf-cell,\n  .no-cssgridlegacy.no-cssgrid .gallery-shortcode.gallery-masonry-shortcode-id-1e2312384e395133aa09cbe0b6cd4fa2.resize-by-browser-width .dt-css-grid .wf-cell {\n    width: 100%;\n  }\n  .cssgridlegacy.no-cssgrid .gallery-shortcode.gallery-masonry-shortcode-id-1e2312384e395133aa09cbe0b6cd4fa2.resize-by-browser-width .dt-css-grid .wf-cell.double-width,\n  .no-cssgridlegacy.no-cssgrid .gallery-shortcode.gallery-masonry-shortcode-id-1e2312384e395133aa09cbe0b6cd4fa2.resize-by-browser-width .dt-css-grid .wf-cell.double-width {\n    width: calc(100%)*2;\n  }\n}<\/style><div class=\"gallery-shortcode dt-gallery-container gallery-masonry-shortcode-id-1e2312384e395133aa09cbe0b6cd4fa2 mode-masonry jquery-filter dt-icon-bg-off quick-scale-img enable-bg-rollover resize-by-browser-width  hover-fade loading-effect-none description-on-hover\" data-padding=\"5px\" data-cur-page=\"1\" data-post-limit=\"-1\" data-pagination-mode=\"none\" data-desktop-columns-num=\"3\" data-v-tablet-columns-num=\"2\" data-h-tablet-columns-num=\"3\" data-phone-columns-num=\"1\" data-width=\"0px\" data-columns=\"0\"><div class=\"iso-container\" ><div class=\"wf-cell iso-item\" data-post-id=\"2949\" data-date=\"2023-04-20T13:12:34+02:00\" data-name=\"Fase 1 y 2 - 6\"><figure class=\"post visible\"><a href=\"https:\/\/resistencies.consorcimuseus.gva.es\/wp-content\/uploads\/2023\/04\/Fase-1-y-2-6-scaled.jpg\" class=\"rollover dt-pswp-item layzr-bg\" data-large_image_width=\"2560\" data-large_image_height=\"1707\" data-dt-img-description=\"\" title=\"Fase 1 y 2 &#8211; 6\"><img fetchpriority=\"high\" decoding=\"async\" class=\"preload-me iso-lazy-load aspect\" src=\"data:image\/svg+xml,%3Csvg%20xmlns%3D&#39;http%3A%2F%2Fwww.w3.org%2F2000%2Fsvg&#39;%20viewBox%3D&#39;0%200%20768%20576&#39;%2F%3E\" data-src=\"https:\/\/resistencies.consorcimuseus.gva.es\/wp-content\/uploads\/2023\/04\/Fase-1-y-2-6-scaled-768x576.jpg\" data-srcset=\"https:\/\/resistencies.consorcimuseus.gva.es\/wp-content\/uploads\/2023\/04\/Fase-1-y-2-6-scaled-768x576.jpg 768w, https:\/\/resistencies.consorcimuseus.gva.es\/wp-content\/uploads\/2023\/04\/Fase-1-y-2-6-scaled-1152x864.jpg 1152w\" loading=\"eager\" style=\"--ratio: 768 \/ 576\" sizes=\"(max-width: 768px) 100vw, 768px\" alt=\"\" width=\"768\" height=\"576\"  \/><span class=\"gallery-rollover\"><span class=\"gallery-zoom-ico icomoon-the7-font-the7-zoom-06\"><span><\/span><\/span><\/span><\/a><\/figure><\/div><div class=\"wf-cell iso-item\" data-post-id=\"2951\" data-date=\"2023-04-20T13:12:42+02:00\" data-name=\"Fase 4 - 2\"><figure class=\"post visible\"><a href=\"https:\/\/resistencies.consorcimuseus.gva.es\/wp-content\/uploads\/2023\/04\/Fase-4-2-scaled.jpg\" class=\"rollover dt-pswp-item layzr-bg\" data-large_image_width=\"2560\" data-large_image_height=\"1707\" data-dt-img-description=\"\" title=\"Fase 4 &#8211; 2\"><img decoding=\"async\" class=\"preload-me iso-lazy-load aspect\" src=\"data:image\/svg+xml,%3Csvg%20xmlns%3D&#39;http%3A%2F%2Fwww.w3.org%2F2000%2Fsvg&#39;%20viewBox%3D&#39;0%200%20768%20576&#39;%2F%3E\" data-src=\"https:\/\/resistencies.consorcimuseus.gva.es\/wp-content\/uploads\/2023\/04\/Fase-4-2-scaled-768x576.jpg\" data-srcset=\"https:\/\/resistencies.consorcimuseus.gva.es\/wp-content\/uploads\/2023\/04\/Fase-4-2-scaled-768x576.jpg 768w, https:\/\/resistencies.consorcimuseus.gva.es\/wp-content\/uploads\/2023\/04\/Fase-4-2-scaled-1152x864.jpg 1152w\" loading=\"eager\" style=\"--ratio: 768 \/ 576\" sizes=\"(max-width: 768px) 100vw, 768px\" alt=\"\" width=\"768\" height=\"576\"  \/><span class=\"gallery-rollover\"><span class=\"gallery-zoom-ico icomoon-the7-font-the7-zoom-06\"><span><\/span><\/span><\/span><\/a><\/figure><\/div><div class=\"wf-cell iso-item\" data-post-id=\"2953\" data-date=\"2023-04-20T13:12:50+02:00\" data-name=\"Fase 4 - 12\"><figure class=\"post visible\"><a href=\"https:\/\/resistencies.consorcimuseus.gva.es\/wp-content\/uploads\/2023\/04\/Fase-4-12-scaled.jpg\" class=\"rollover dt-pswp-item layzr-bg\" data-large_image_width=\"2560\" data-large_image_height=\"1707\" data-dt-img-description=\"\" title=\"Fase 4 &#8211; 12\"><img decoding=\"async\" class=\"preload-me iso-lazy-load aspect\" src=\"data:image\/svg+xml,%3Csvg%20xmlns%3D&#39;http%3A%2F%2Fwww.w3.org%2F2000%2Fsvg&#39;%20viewBox%3D&#39;0%200%20768%20576&#39;%2F%3E\" data-src=\"https:\/\/resistencies.consorcimuseus.gva.es\/wp-content\/uploads\/2023\/04\/Fase-4-12-scaled-768x576.jpg\" data-srcset=\"https:\/\/resistencies.consorcimuseus.gva.es\/wp-content\/uploads\/2023\/04\/Fase-4-12-scaled-768x576.jpg 768w, https:\/\/resistencies.consorcimuseus.gva.es\/wp-content\/uploads\/2023\/04\/Fase-4-12-scaled-1152x864.jpg 1152w\" loading=\"eager\" style=\"--ratio: 768 \/ 576\" sizes=\"(max-width: 768px) 100vw, 768px\" alt=\"\" width=\"768\" height=\"576\"  \/><span class=\"gallery-rollover\"><span class=\"gallery-zoom-ico icomoon-the7-font-the7-zoom-06\"><span><\/span><\/span><\/span><\/a><\/figure><\/div><\/div><!-- iso-container|iso-grid --><\/div>[\/vc_column][\/vc_row][vc_row][vc_column][vc_separator color=\u00bbblack\u00bb border_width=\u00bb2&#8243;][\/vc_column][\/vc_row]<\/p>\n<\/div>","protected":false},"excerpt":{"rendered":"<p>[vc_row][vc_column][vc_separator color=\u00bbblack\u00bb border_width=\u00bb2&#8243;][\/vc_column][\/vc_row][vc_row][vc_column][vc_row_inner el_class=\u00bbfila-contenido-prj\u00bb][vc_column_inner el_class=\u00bb-col-titulo-info-proyecto\u00bb width=\u00bb1\/6&#8243;][vc_column_text]Convocatoria:[\/vc_column_text][\/vc_column_inner][vc_column_inner width=\u00bb5\/6&#8243;][vc_column_text]2021-2022[\/vc_column_text][\/vc_column_inner][\/vc_row_inner][vc_row_inner el_class=\u00bbfila-contenido-prj\u00bb][vc_column_inner el_class=\u00bb-col-titulo-info-proyecto\u00bb width=\u00bb1\/6&#8243;][vc_column_text]Conceptos clave:[\/vc_column_text][\/vc_column_inner][vc_column_inner width=\u00bb5\/6&#8243;][vc_column_text]Podcast, memorias cotidianas, pl\u00e1stica sonora, voz e historias propias[\/vc_column_text][\/vc_column_inner][\/vc_row_inner][vc_row_inner el_class=\u00bbfila-contenido-prj\u00bb][vc_column_inner el_class=\u00bb-col-titulo-info-proyecto\u00bb width=\u00bb1\/6&#8243;][vc_column_text]Nivel educativo:[\/vc_column_text][\/vc_column_inner][vc_column_inner width=\u00bb5\/6&#8243;][vc_column_text]Primaria[\/vc_column_text][\/vc_column_inner][\/vc_row_inner][vc_row_inner el_class=\u00bbfila-contenido-prj\u00bb][vc_column_inner el_class=\u00bb-col-titulo-info-proyecto\u00bb width=\u00bb1\/6&#8243;][vc_column_text]T\u00edtulo proyecto:[\/vc_column_text][\/vc_column_inner][vc_column_inner width=\u00bb5\/6&#8243;][vc_column_text]C\u00e1psulas para el futuro[\/vc_column_text][\/vc_column_inner][\/vc_row_inner][vc_row_inner el_class=\u00bbfila-contenido-prj\u00bb][vc_column_inner el_class=\u00bb-col-titulo-info-proyecto\u00bb width=\u00bb1\/6&#8243;][vc_column_text]Artista\/s:[\/vc_column_text][\/vc_column_inner][vc_column_inner width=\u00bb5\/6&#8243;][vc_column_text]Estefan\u00eda D\u00edaz Ramos[\/vc_column_text][\/vc_column_inner][\/vc_row_inner][vc_row_inner el_class=\u00bbfila-contenido-prj\u00bb][vc_column_inner el_class=\u00bb-col-titulo-info-proyecto\u00bb width=\u00bb1\/6&#8243;][vc_column_text]Maestro\/a:[\/vc_column_text][\/vc_column_inner][vc_column_inner width=\u00bb5\/6&#8243;][vc_column_text]David Albert[\/vc_column_text][\/vc_column_inner][\/vc_row_inner][vc_row_inner el_class=\u00bbfila-contenido-prj\u00bb][vc_column_inner el_class=\u00bb-col-titulo-info-proyecto\u00bb width=\u00bb1\/6&#8243;][vc_column_text]Nombre del centro:[\/vc_column_text][\/vc_column_inner][vc_column_inner width=\u00bb5\/6&#8243;][vc_column_text]CEIP Maestro Carmelo Ripoll[\/vc_column_text][\/vc_column_inner][\/vc_row_inner][vc_row_inner el_class=\u00bbfila-contenido-prj\u00bb][vc_column_inner el_class=\u00bb-col-titulo-info-proyecto\u00bb&hellip;<\/p>\n","protected":false},"author":3,"featured_media":2946,"comment_status":"closed","ping_status":"open","sticky":false,"template":"","format":"standard","meta":{"footnotes":""},"categories":[75,72,67],"tags":[110,104,102],"class_list":["post-2955","post","type-post","status-publish","format-standard","has-post-thumbnail","hentry","category-cartografias-afectivas","category-en-red","category-procesos-de-alfabetizacion","tag-2021-2022-es","tag-primaria-es","tag-valencia-es","category-75","category-72","category-67","description-off"],"yoast_head":"<!-- This site is optimized with the Yoast SEO plugin v27.3 - https:\/\/yoast.com\/product\/yoast-seo-wordpress\/ -->\n<title>C\u00e1psulas para el futuro - Resist\u00e8ncies Art\u00edstiques CMCV<\/title>\n<meta name=\"robots\" content=\"index, follow, max-snippet:-1, max-image-preview:large, max-video-preview:-1\" \/>\n<link rel=\"canonical\" href=\"https:\/\/resistencies.consorcimuseus.gva.es\/es\/capsulas-para-el-futuro\/\" \/>\n<meta property=\"og:locale\" content=\"es_ES\" \/>\n<meta property=\"og:type\" content=\"article\" \/>\n<meta property=\"og:title\" content=\"C\u00e1psulas para el futuro - Resist\u00e8ncies Art\u00edstiques CMCV\" \/>\n<meta property=\"og:description\" content=\"[vc_row][vc_column][vc_separator color=\u00bbblack\u00bb border_width=\u00bb2&#8243;][\/vc_column][\/vc_row][vc_row][vc_column][vc_row_inner el_class=\u00bbfila-contenido-prj\u00bb][vc_column_inner el_class=\u00bb-col-titulo-info-proyecto\u00bb width=\u00bb1\/6&#8243;][vc_column_text]Convocatoria:[\/vc_column_text][\/vc_column_inner][vc_column_inner width=\u00bb5\/6&#8243;][vc_column_text]2021-2022[\/vc_column_text][\/vc_column_inner][\/vc_row_inner][vc_row_inner el_class=\u00bbfila-contenido-prj\u00bb][vc_column_inner el_class=\u00bb-col-titulo-info-proyecto\u00bb width=\u00bb1\/6&#8243;][vc_column_text]Conceptos clave:[\/vc_column_text][\/vc_column_inner][vc_column_inner width=\u00bb5\/6&#8243;][vc_column_text]Podcast, memorias cotidianas, pl\u00e1stica sonora, voz e historias propias[\/vc_column_text][\/vc_column_inner][\/vc_row_inner][vc_row_inner el_class=\u00bbfila-contenido-prj\u00bb][vc_column_inner el_class=\u00bb-col-titulo-info-proyecto\u00bb width=\u00bb1\/6&#8243;][vc_column_text]Nivel educativo:[\/vc_column_text][\/vc_column_inner][vc_column_inner width=\u00bb5\/6&#8243;][vc_column_text]Primaria[\/vc_column_text][\/vc_column_inner][\/vc_row_inner][vc_row_inner el_class=\u00bbfila-contenido-prj\u00bb][vc_column_inner el_class=\u00bb-col-titulo-info-proyecto\u00bb width=\u00bb1\/6&#8243;][vc_column_text]T\u00edtulo proyecto:[\/vc_column_text][\/vc_column_inner][vc_column_inner width=\u00bb5\/6&#8243;][vc_column_text]C\u00e1psulas para el futuro[\/vc_column_text][\/vc_column_inner][\/vc_row_inner][vc_row_inner el_class=\u00bbfila-contenido-prj\u00bb][vc_column_inner el_class=\u00bb-col-titulo-info-proyecto\u00bb width=\u00bb1\/6&#8243;][vc_column_text]Artista\/s:[\/vc_column_text][\/vc_column_inner][vc_column_inner width=\u00bb5\/6&#8243;][vc_column_text]Estefan\u00eda D\u00edaz Ramos[\/vc_column_text][\/vc_column_inner][\/vc_row_inner][vc_row_inner el_class=\u00bbfila-contenido-prj\u00bb][vc_column_inner el_class=\u00bb-col-titulo-info-proyecto\u00bb width=\u00bb1\/6&#8243;][vc_column_text]Maestro\/a:[\/vc_column_text][\/vc_column_inner][vc_column_inner width=\u00bb5\/6&#8243;][vc_column_text]David Albert[\/vc_column_text][\/vc_column_inner][\/vc_row_inner][vc_row_inner el_class=\u00bbfila-contenido-prj\u00bb][vc_column_inner el_class=\u00bb-col-titulo-info-proyecto\u00bb width=\u00bb1\/6&#8243;][vc_column_text]Nombre del centro:[\/vc_column_text][\/vc_column_inner][vc_column_inner width=\u00bb5\/6&#8243;][vc_column_text]CEIP Maestro Carmelo Ripoll[\/vc_column_text][\/vc_column_inner][\/vc_row_inner][vc_row_inner el_class=\u00bbfila-contenido-prj\u00bb][vc_column_inner el_class=\u00bb-col-titulo-info-proyecto\u00bb&hellip;\" \/>\n<meta property=\"og:url\" content=\"https:\/\/resistencies.consorcimuseus.gva.es\/es\/capsulas-para-el-futuro\/\" \/>\n<meta property=\"og:site_name\" content=\"Resist\u00e8ncies Art\u00edstiques CMCV\" \/>\n<meta property=\"article:published_time\" content=\"2023-04-20T11:22:51+00:00\" \/>\n<meta property=\"og:image\" content=\"https:\/\/resistencies.consorcimuseus.gva.es\/wp-content\/uploads\/2023\/04\/Fase-5-17-scaled.jpg\" \/>\n\t<meta property=\"og:image:width\" content=\"2560\" \/>\n\t<meta property=\"og:image:height\" content=\"1707\" \/>\n\t<meta property=\"og:image:type\" content=\"image\/jpeg\" \/>\n<meta name=\"author\" content=\"Resist\u00e8ncies Art\u00edstiques CMCV\" \/>\n<meta name=\"twitter:card\" content=\"summary_large_image\" \/>\n<meta name=\"twitter:label1\" content=\"Escrito por\" \/>\n\t<meta name=\"twitter:data1\" content=\"Resist\u00e8ncies Art\u00edstiques CMCV\" \/>\n\t<meta name=\"twitter:label2\" content=\"Tiempo de lectura\" \/>\n\t<meta name=\"twitter:data2\" content=\"3 minutos\" \/>\n<script type=\"application\/ld+json\" class=\"yoast-schema-graph\">{\"@context\":\"https:\\\/\\\/schema.org\",\"@graph\":[{\"@type\":\"Article\",\"@id\":\"https:\\\/\\\/resistencies.consorcimuseus.gva.es\\\/es\\\/capsulas-para-el-futuro\\\/#article\",\"isPartOf\":{\"@id\":\"https:\\\/\\\/resistencies.consorcimuseus.gva.es\\\/es\\\/capsulas-para-el-futuro\\\/\"},\"author\":{\"name\":\"Resist\u00e8ncies Art\u00edstiques CMCV\",\"@id\":\"https:\\\/\\\/resistencies.consorcimuseus.gva.es\\\/#\\\/schema\\\/person\\\/a225775d4711c439879bd4d972b8d96d\"},\"headline\":\"C\u00e1psulas para el futuro\",\"datePublished\":\"2023-04-20T11:22:51+00:00\",\"mainEntityOfPage\":{\"@id\":\"https:\\\/\\\/resistencies.consorcimuseus.gva.es\\\/es\\\/capsulas-para-el-futuro\\\/\"},\"wordCount\":1192,\"publisher\":{\"@id\":\"https:\\\/\\\/resistencies.consorcimuseus.gva.es\\\/#organization\"},\"image\":{\"@id\":\"https:\\\/\\\/resistencies.consorcimuseus.gva.es\\\/es\\\/capsulas-para-el-futuro\\\/#primaryimage\"},\"thumbnailUrl\":\"https:\\\/\\\/resistencies.consorcimuseus.gva.es\\\/wp-content\\\/uploads\\\/2023\\\/04\\\/Fase-5-17-scaled.jpg\",\"keywords\":[\"2021-2022\",\"Primaria\",\"Valencia\"],\"articleSection\":[\"Cartograf\u00edas Afectivas\",\"En red\",\"Procesos de Alfabetizaci\u00f3n\"],\"inLanguage\":\"es\"},{\"@type\":\"WebPage\",\"@id\":\"https:\\\/\\\/resistencies.consorcimuseus.gva.es\\\/es\\\/capsulas-para-el-futuro\\\/\",\"url\":\"https:\\\/\\\/resistencies.consorcimuseus.gva.es\\\/es\\\/capsulas-para-el-futuro\\\/\",\"name\":\"C\u00e1psulas para el futuro - Resist\u00e8ncies Art\u00edstiques CMCV\",\"isPartOf\":{\"@id\":\"https:\\\/\\\/resistencies.consorcimuseus.gva.es\\\/#website\"},\"primaryImageOfPage\":{\"@id\":\"https:\\\/\\\/resistencies.consorcimuseus.gva.es\\\/es\\\/capsulas-para-el-futuro\\\/#primaryimage\"},\"image\":{\"@id\":\"https:\\\/\\\/resistencies.consorcimuseus.gva.es\\\/es\\\/capsulas-para-el-futuro\\\/#primaryimage\"},\"thumbnailUrl\":\"https:\\\/\\\/resistencies.consorcimuseus.gva.es\\\/wp-content\\\/uploads\\\/2023\\\/04\\\/Fase-5-17-scaled.jpg\",\"datePublished\":\"2023-04-20T11:22:51+00:00\",\"breadcrumb\":{\"@id\":\"https:\\\/\\\/resistencies.consorcimuseus.gva.es\\\/es\\\/capsulas-para-el-futuro\\\/#breadcrumb\"},\"inLanguage\":\"es\",\"potentialAction\":[{\"@type\":\"ReadAction\",\"target\":[\"https:\\\/\\\/resistencies.consorcimuseus.gva.es\\\/es\\\/capsulas-para-el-futuro\\\/\"]}]},{\"@type\":\"ImageObject\",\"inLanguage\":\"es\",\"@id\":\"https:\\\/\\\/resistencies.consorcimuseus.gva.es\\\/es\\\/capsulas-para-el-futuro\\\/#primaryimage\",\"url\":\"https:\\\/\\\/resistencies.consorcimuseus.gva.es\\\/wp-content\\\/uploads\\\/2023\\\/04\\\/Fase-5-17-scaled.jpg\",\"contentUrl\":\"https:\\\/\\\/resistencies.consorcimuseus.gva.es\\\/wp-content\\\/uploads\\\/2023\\\/04\\\/Fase-5-17-scaled.jpg\",\"width\":2560,\"height\":1707},{\"@type\":\"BreadcrumbList\",\"@id\":\"https:\\\/\\\/resistencies.consorcimuseus.gva.es\\\/es\\\/capsulas-para-el-futuro\\\/#breadcrumb\",\"itemListElement\":[{\"@type\":\"ListItem\",\"position\":1,\"name\":\"Inici\",\"item\":\"https:\\\/\\\/resistencies.consorcimuseus.gva.es\\\/es\\\/\"},{\"@type\":\"ListItem\",\"position\":2,\"name\":\"C\u00e1psulas para el futuro\"}]},{\"@type\":\"WebSite\",\"@id\":\"https:\\\/\\\/resistencies.consorcimuseus.gva.es\\\/#website\",\"url\":\"https:\\\/\\\/resistencies.consorcimuseus.gva.es\\\/\",\"name\":\"Resist\u00e8ncies Art\u00edstiques CMCV\",\"description\":\"\",\"publisher\":{\"@id\":\"https:\\\/\\\/resistencies.consorcimuseus.gva.es\\\/#organization\"},\"potentialAction\":[{\"@type\":\"SearchAction\",\"target\":{\"@type\":\"EntryPoint\",\"urlTemplate\":\"https:\\\/\\\/resistencies.consorcimuseus.gva.es\\\/?s={search_term_string}\"},\"query-input\":{\"@type\":\"PropertyValueSpecification\",\"valueRequired\":true,\"valueName\":\"search_term_string\"}}],\"inLanguage\":\"es\"},{\"@type\":\"Organization\",\"@id\":\"https:\\\/\\\/resistencies.consorcimuseus.gva.es\\\/#organization\",\"name\":\"Resist\u00e8ncies Art\u00edstiques - CMCV\",\"url\":\"https:\\\/\\\/resistencies.consorcimuseus.gva.es\\\/\",\"logo\":{\"@type\":\"ImageObject\",\"inLanguage\":\"es\",\"@id\":\"https:\\\/\\\/resistencies.consorcimuseus.gva.es\\\/#\\\/schema\\\/logo\\\/image\\\/\",\"url\":\"https:\\\/\\\/resistencies.consorcimuseus.gva.es\\\/wp-content\\\/uploads\\\/2020\\\/03\\\/logo-consorci-museus.jpg\",\"contentUrl\":\"https:\\\/\\\/resistencies.consorcimuseus.gva.es\\\/wp-content\\\/uploads\\\/2020\\\/03\\\/logo-consorci-museus.jpg\",\"width\":122,\"height\":108,\"caption\":\"Resist\u00e8ncies Art\u00edstiques - CMCV\"},\"image\":{\"@id\":\"https:\\\/\\\/resistencies.consorcimuseus.gva.es\\\/#\\\/schema\\\/logo\\\/image\\\/\"}},{\"@type\":\"Person\",\"@id\":\"https:\\\/\\\/resistencies.consorcimuseus.gva.es\\\/#\\\/schema\\\/person\\\/a225775d4711c439879bd4d972b8d96d\",\"name\":\"Resist\u00e8ncies Art\u00edstiques CMCV\",\"image\":{\"@type\":\"ImageObject\",\"inLanguage\":\"es\",\"@id\":\"https:\\\/\\\/secure.gravatar.com\\\/avatar\\\/cb2ad6006baf46a81edf30a56e5d8362f7e38d36c7e16f6792919ef755e23ebc?s=96&d=mm&r=g\",\"url\":\"https:\\\/\\\/secure.gravatar.com\\\/avatar\\\/cb2ad6006baf46a81edf30a56e5d8362f7e38d36c7e16f6792919ef755e23ebc?s=96&d=mm&r=g\",\"contentUrl\":\"https:\\\/\\\/secure.gravatar.com\\\/avatar\\\/cb2ad6006baf46a81edf30a56e5d8362f7e38d36c7e16f6792919ef755e23ebc?s=96&d=mm&r=g\",\"caption\":\"Resist\u00e8ncies Art\u00edstiques CMCV\"}}]}<\/script>\n<!-- \/ Yoast SEO plugin. -->","yoast_head_json":{"title":"C\u00e1psulas para el futuro - Resist\u00e8ncies Art\u00edstiques CMCV","robots":{"index":"index","follow":"follow","max-snippet":"max-snippet:-1","max-image-preview":"max-image-preview:large","max-video-preview":"max-video-preview:-1"},"canonical":"https:\/\/resistencies.consorcimuseus.gva.es\/es\/capsulas-para-el-futuro\/","og_locale":"es_ES","og_type":"article","og_title":"C\u00e1psulas para el futuro - Resist\u00e8ncies Art\u00edstiques CMCV","og_description":"[vc_row][vc_column][vc_separator color=\u00bbblack\u00bb border_width=\u00bb2&#8243;][\/vc_column][\/vc_row][vc_row][vc_column][vc_row_inner el_class=\u00bbfila-contenido-prj\u00bb][vc_column_inner el_class=\u00bb-col-titulo-info-proyecto\u00bb width=\u00bb1\/6&#8243;][vc_column_text]Convocatoria:[\/vc_column_text][\/vc_column_inner][vc_column_inner width=\u00bb5\/6&#8243;][vc_column_text]2021-2022[\/vc_column_text][\/vc_column_inner][\/vc_row_inner][vc_row_inner el_class=\u00bbfila-contenido-prj\u00bb][vc_column_inner el_class=\u00bb-col-titulo-info-proyecto\u00bb width=\u00bb1\/6&#8243;][vc_column_text]Conceptos clave:[\/vc_column_text][\/vc_column_inner][vc_column_inner width=\u00bb5\/6&#8243;][vc_column_text]Podcast, memorias cotidianas, pl\u00e1stica sonora, voz e historias propias[\/vc_column_text][\/vc_column_inner][\/vc_row_inner][vc_row_inner el_class=\u00bbfila-contenido-prj\u00bb][vc_column_inner el_class=\u00bb-col-titulo-info-proyecto\u00bb width=\u00bb1\/6&#8243;][vc_column_text]Nivel educativo:[\/vc_column_text][\/vc_column_inner][vc_column_inner width=\u00bb5\/6&#8243;][vc_column_text]Primaria[\/vc_column_text][\/vc_column_inner][\/vc_row_inner][vc_row_inner el_class=\u00bbfila-contenido-prj\u00bb][vc_column_inner el_class=\u00bb-col-titulo-info-proyecto\u00bb width=\u00bb1\/6&#8243;][vc_column_text]T\u00edtulo proyecto:[\/vc_column_text][\/vc_column_inner][vc_column_inner width=\u00bb5\/6&#8243;][vc_column_text]C\u00e1psulas para el futuro[\/vc_column_text][\/vc_column_inner][\/vc_row_inner][vc_row_inner el_class=\u00bbfila-contenido-prj\u00bb][vc_column_inner el_class=\u00bb-col-titulo-info-proyecto\u00bb width=\u00bb1\/6&#8243;][vc_column_text]Artista\/s:[\/vc_column_text][\/vc_column_inner][vc_column_inner width=\u00bb5\/6&#8243;][vc_column_text]Estefan\u00eda D\u00edaz Ramos[\/vc_column_text][\/vc_column_inner][\/vc_row_inner][vc_row_inner el_class=\u00bbfila-contenido-prj\u00bb][vc_column_inner el_class=\u00bb-col-titulo-info-proyecto\u00bb width=\u00bb1\/6&#8243;][vc_column_text]Maestro\/a:[\/vc_column_text][\/vc_column_inner][vc_column_inner width=\u00bb5\/6&#8243;][vc_column_text]David Albert[\/vc_column_text][\/vc_column_inner][\/vc_row_inner][vc_row_inner el_class=\u00bbfila-contenido-prj\u00bb][vc_column_inner el_class=\u00bb-col-titulo-info-proyecto\u00bb width=\u00bb1\/6&#8243;][vc_column_text]Nombre del centro:[\/vc_column_text][\/vc_column_inner][vc_column_inner width=\u00bb5\/6&#8243;][vc_column_text]CEIP Maestro Carmelo Ripoll[\/vc_column_text][\/vc_column_inner][\/vc_row_inner][vc_row_inner el_class=\u00bbfila-contenido-prj\u00bb][vc_column_inner el_class=\u00bb-col-titulo-info-proyecto\u00bb&hellip;","og_url":"https:\/\/resistencies.consorcimuseus.gva.es\/es\/capsulas-para-el-futuro\/","og_site_name":"Resist\u00e8ncies Art\u00edstiques CMCV","article_published_time":"2023-04-20T11:22:51+00:00","og_image":[{"width":2560,"height":1707,"url":"https:\/\/resistencies.consorcimuseus.gva.es\/wp-content\/uploads\/2023\/04\/Fase-5-17-scaled.jpg","type":"image\/jpeg"}],"author":"Resist\u00e8ncies Art\u00edstiques CMCV","twitter_card":"summary_large_image","twitter_misc":{"Escrito por":"Resist\u00e8ncies Art\u00edstiques CMCV","Tiempo de lectura":"3 minutos"},"schema":{"@context":"https:\/\/schema.org","@graph":[{"@type":"Article","@id":"https:\/\/resistencies.consorcimuseus.gva.es\/es\/capsulas-para-el-futuro\/#article","isPartOf":{"@id":"https:\/\/resistencies.consorcimuseus.gva.es\/es\/capsulas-para-el-futuro\/"},"author":{"name":"Resist\u00e8ncies Art\u00edstiques CMCV","@id":"https:\/\/resistencies.consorcimuseus.gva.es\/#\/schema\/person\/a225775d4711c439879bd4d972b8d96d"},"headline":"C\u00e1psulas para el futuro","datePublished":"2023-04-20T11:22:51+00:00","mainEntityOfPage":{"@id":"https:\/\/resistencies.consorcimuseus.gva.es\/es\/capsulas-para-el-futuro\/"},"wordCount":1192,"publisher":{"@id":"https:\/\/resistencies.consorcimuseus.gva.es\/#organization"},"image":{"@id":"https:\/\/resistencies.consorcimuseus.gva.es\/es\/capsulas-para-el-futuro\/#primaryimage"},"thumbnailUrl":"https:\/\/resistencies.consorcimuseus.gva.es\/wp-content\/uploads\/2023\/04\/Fase-5-17-scaled.jpg","keywords":["2021-2022","Primaria","Valencia"],"articleSection":["Cartograf\u00edas Afectivas","En red","Procesos de Alfabetizaci\u00f3n"],"inLanguage":"es"},{"@type":"WebPage","@id":"https:\/\/resistencies.consorcimuseus.gva.es\/es\/capsulas-para-el-futuro\/","url":"https:\/\/resistencies.consorcimuseus.gva.es\/es\/capsulas-para-el-futuro\/","name":"C\u00e1psulas para el futuro - Resist\u00e8ncies Art\u00edstiques CMCV","isPartOf":{"@id":"https:\/\/resistencies.consorcimuseus.gva.es\/#website"},"primaryImageOfPage":{"@id":"https:\/\/resistencies.consorcimuseus.gva.es\/es\/capsulas-para-el-futuro\/#primaryimage"},"image":{"@id":"https:\/\/resistencies.consorcimuseus.gva.es\/es\/capsulas-para-el-futuro\/#primaryimage"},"thumbnailUrl":"https:\/\/resistencies.consorcimuseus.gva.es\/wp-content\/uploads\/2023\/04\/Fase-5-17-scaled.jpg","datePublished":"2023-04-20T11:22:51+00:00","breadcrumb":{"@id":"https:\/\/resistencies.consorcimuseus.gva.es\/es\/capsulas-para-el-futuro\/#breadcrumb"},"inLanguage":"es","potentialAction":[{"@type":"ReadAction","target":["https:\/\/resistencies.consorcimuseus.gva.es\/es\/capsulas-para-el-futuro\/"]}]},{"@type":"ImageObject","inLanguage":"es","@id":"https:\/\/resistencies.consorcimuseus.gva.es\/es\/capsulas-para-el-futuro\/#primaryimage","url":"https:\/\/resistencies.consorcimuseus.gva.es\/wp-content\/uploads\/2023\/04\/Fase-5-17-scaled.jpg","contentUrl":"https:\/\/resistencies.consorcimuseus.gva.es\/wp-content\/uploads\/2023\/04\/Fase-5-17-scaled.jpg","width":2560,"height":1707},{"@type":"BreadcrumbList","@id":"https:\/\/resistencies.consorcimuseus.gva.es\/es\/capsulas-para-el-futuro\/#breadcrumb","itemListElement":[{"@type":"ListItem","position":1,"name":"Inici","item":"https:\/\/resistencies.consorcimuseus.gva.es\/es\/"},{"@type":"ListItem","position":2,"name":"C\u00e1psulas para el futuro"}]},{"@type":"WebSite","@id":"https:\/\/resistencies.consorcimuseus.gva.es\/#website","url":"https:\/\/resistencies.consorcimuseus.gva.es\/","name":"Resist\u00e8ncies Art\u00edstiques CMCV","description":"","publisher":{"@id":"https:\/\/resistencies.consorcimuseus.gva.es\/#organization"},"potentialAction":[{"@type":"SearchAction","target":{"@type":"EntryPoint","urlTemplate":"https:\/\/resistencies.consorcimuseus.gva.es\/?s={search_term_string}"},"query-input":{"@type":"PropertyValueSpecification","valueRequired":true,"valueName":"search_term_string"}}],"inLanguage":"es"},{"@type":"Organization","@id":"https:\/\/resistencies.consorcimuseus.gva.es\/#organization","name":"Resist\u00e8ncies Art\u00edstiques - CMCV","url":"https:\/\/resistencies.consorcimuseus.gva.es\/","logo":{"@type":"ImageObject","inLanguage":"es","@id":"https:\/\/resistencies.consorcimuseus.gva.es\/#\/schema\/logo\/image\/","url":"https:\/\/resistencies.consorcimuseus.gva.es\/wp-content\/uploads\/2020\/03\/logo-consorci-museus.jpg","contentUrl":"https:\/\/resistencies.consorcimuseus.gva.es\/wp-content\/uploads\/2020\/03\/logo-consorci-museus.jpg","width":122,"height":108,"caption":"Resist\u00e8ncies Art\u00edstiques - CMCV"},"image":{"@id":"https:\/\/resistencies.consorcimuseus.gva.es\/#\/schema\/logo\/image\/"}},{"@type":"Person","@id":"https:\/\/resistencies.consorcimuseus.gva.es\/#\/schema\/person\/a225775d4711c439879bd4d972b8d96d","name":"Resist\u00e8ncies Art\u00edstiques CMCV","image":{"@type":"ImageObject","inLanguage":"es","@id":"https:\/\/secure.gravatar.com\/avatar\/cb2ad6006baf46a81edf30a56e5d8362f7e38d36c7e16f6792919ef755e23ebc?s=96&d=mm&r=g","url":"https:\/\/secure.gravatar.com\/avatar\/cb2ad6006baf46a81edf30a56e5d8362f7e38d36c7e16f6792919ef755e23ebc?s=96&d=mm&r=g","contentUrl":"https:\/\/secure.gravatar.com\/avatar\/cb2ad6006baf46a81edf30a56e5d8362f7e38d36c7e16f6792919ef755e23ebc?s=96&d=mm&r=g","caption":"Resist\u00e8ncies Art\u00edstiques CMCV"}}]}},"_links":{"self":[{"href":"https:\/\/resistencies.consorcimuseus.gva.es\/es\/wp-json\/wp\/v2\/posts\/2955","targetHints":{"allow":["GET"]}}],"collection":[{"href":"https:\/\/resistencies.consorcimuseus.gva.es\/es\/wp-json\/wp\/v2\/posts"}],"about":[{"href":"https:\/\/resistencies.consorcimuseus.gva.es\/es\/wp-json\/wp\/v2\/types\/post"}],"author":[{"embeddable":true,"href":"https:\/\/resistencies.consorcimuseus.gva.es\/es\/wp-json\/wp\/v2\/users\/3"}],"replies":[{"embeddable":true,"href":"https:\/\/resistencies.consorcimuseus.gva.es\/es\/wp-json\/wp\/v2\/comments?post=2955"}],"version-history":[{"count":0,"href":"https:\/\/resistencies.consorcimuseus.gva.es\/es\/wp-json\/wp\/v2\/posts\/2955\/revisions"}],"wp:featuredmedia":[{"embeddable":true,"href":"https:\/\/resistencies.consorcimuseus.gva.es\/es\/wp-json\/wp\/v2\/media\/2946"}],"wp:attachment":[{"href":"https:\/\/resistencies.consorcimuseus.gva.es\/es\/wp-json\/wp\/v2\/media?parent=2955"}],"wp:term":[{"taxonomy":"category","embeddable":true,"href":"https:\/\/resistencies.consorcimuseus.gva.es\/es\/wp-json\/wp\/v2\/categories?post=2955"},{"taxonomy":"post_tag","embeddable":true,"href":"https:\/\/resistencies.consorcimuseus.gva.es\/es\/wp-json\/wp\/v2\/tags?post=2955"}],"curies":[{"name":"wp","href":"https:\/\/api.w.org\/{rel}","templated":true}]}}