{"id":3014,"date":"2023-04-21T12:51:13","date_gmt":"2023-04-21T10:51:13","guid":{"rendered":"https:\/\/resistencies.consorcimuseus.gva.es\/?p=3014"},"modified":"2023-04-21T12:51:13","modified_gmt":"2023-04-21T10:51:13","slug":"aula-kine","status":"publish","type":"post","link":"https:\/\/resistencies.consorcimuseus.gva.es\/es\/aula-kine\/","title":{"rendered":"Aula Kine"},"content":{"rendered":"<div class=\"wpb-content-wrapper\"><p>[vc_row][vc_column][vc_separator color=\u00bbblack\u00bb border_width=\u00bb2&#8243;][\/vc_column][\/vc_row][vc_row][vc_column][vc_row_inner el_class=\u00bbfila-contenido-prj\u00bb][vc_column_inner el_class=\u00bb-col-titulo-info-proyecto\u00bb width=\u00bb1\/6&#8243;][vc_column_text]<strong>Convocat\u00f2ria:<\/strong>[\/vc_column_text][\/vc_column_inner][vc_column_inner width=\u00bb5\/6&#8243;][vc_column_text]2021-2022<\/p>\n<p>[\/vc_column_text][\/vc_column_inner][\/vc_row_inner][vc_row_inner el_class=\u00bbfila-contenido-prj\u00bb][vc_column_inner el_class=\u00bb-col-titulo-info-proyecto\u00bb width=\u00bb1\/6&#8243;][vc_column_text]<strong>Conceptes clau:<\/strong>[\/vc_column_text][\/vc_column_inner][vc_column_inner width=\u00bb5\/6&#8243;][vc_column_text]Arte interactivo, danza contempor\u00e1nea, procesos de creaci\u00f3n art\u00edstica, creaci\u00f3n digital, interdisciplinariedad y trabajo colaborativo, interacci\u00f3n entre danza, m\u00fasica y visuales, innovaci\u00f3n art\u00edstica, metodolog\u00eda investigativa y basada en proyectos, comunidad de aprendizaje[\/vc_column_text][\/vc_column_inner][\/vc_row_inner][vc_row_inner el_class=\u00bbfila-contenido-prj\u00bb][vc_column_inner el_class=\u00bb-col-titulo-info-proyecto\u00bb width=\u00bb1\/6&#8243;][vc_column_text]<strong>Nivell educatiu:<\/strong>[\/vc_column_text][\/vc_column_inner][vc_column_inner width=\u00bb5\/6&#8243;][vc_column_text]Primaria[\/vc_column_text][\/vc_column_inner][\/vc_row_inner][vc_row_inner el_class=\u00bbfila-contenido-prj\u00bb][vc_column_inner el_class=\u00bb-col-titulo-info-proyecto\u00bb width=\u00bb1\/6&#8243;][vc_column_text]<strong>T\u00edtol projecte:<\/strong>[\/vc_column_text][\/vc_column_inner][vc_column_inner width=\u00bb5\/6&#8243;][vc_column_text]Aula Kine[\/vc_column_text][\/vc_column_inner][\/vc_row_inner][vc_row_inner el_class=\u00bbfila-contenido-prj\u00bb][vc_column_inner el_class=\u00bb-col-titulo-info-proyecto\u00bb width=\u00bb1\/6&#8243;][vc_column_text]<strong>Artista\/es:<\/strong>[\/vc_column_text][\/vc_column_inner][vc_column_inner width=\u00bb5\/6&#8243;][vc_column_text]Cristina Solbes, Sergi Hern\u00e1ndez, Carlos Izquierdo (Fluenz)[\/vc_column_text][\/vc_column_inner][\/vc_row_inner][vc_row_inner el_class=\u00bbfila-contenido-prj\u00bb][vc_column_inner el_class=\u00bb-col-titulo-info-proyecto\u00bb width=\u00bb1\/6&#8243;][vc_column_text]<strong>Mestre\/a:<\/strong>[\/vc_column_text][\/vc_column_inner][vc_column_inner width=\u00bb5\/6&#8243;][vc_column_text]Irene Pujol[\/vc_column_text][\/vc_column_inner][\/vc_row_inner][vc_row_inner el_class=\u00bbfila-contenido-prj\u00bb][vc_column_inner el_class=\u00bb-col-titulo-info-proyecto\u00bb width=\u00bb1\/6&#8243;][vc_column_text]<strong>Nom del centre:<\/strong>[\/vc_column_text][\/vc_column_inner][vc_column_inner width=\u00bb5\/6&#8243;][vc_column_text]CEIP Gloria Fuertes[\/vc_column_text][\/vc_column_inner][\/vc_row_inner][vc_row_inner el_class=\u00bbfila-contenido-prj\u00bb][vc_column_inner el_class=\u00bb-col-titulo-info-proyecto\u00bb width=\u00bb1\/6&#8243;][vc_column_text]<strong>Poblaci\u00f3:<\/strong>[\/vc_column_text][\/vc_column_inner][vc_column_inner width=\u00bb5\/6&#8243;][vc_column_text]San Miguel De Salinas, Alicante[\/vc_column_text][\/vc_column_inner][\/vc_row_inner][vc_empty_space height=\u00bb15px\u00bb][\/vc_column][\/vc_row][vc_row][vc_column][vc_separator color=\u00bbblack\u00bb border_width=\u00bb2&#8243;][\/vc_column][\/vc_row][vc_row][vc_column][vc_row_inner el_class=\u00bbfila-contenido-prj\u00bb][vc_column_inner el_class=\u00bb-col-titulo-info-proyecto\u00bb width=\u00bb1\/6&#8243;][vc_column_text]<strong>Resum projecte:<\/strong>[\/vc_column_text][\/vc_column_inner][vc_column_inner width=\u00bb5\/6&#8243;][vc_column_text]<strong>Aula Kine<\/strong> es una propuesta pedag\u00f3gica que lleva al aula una experiencia compartida de creaci\u00f3n art\u00edstica interdisciplinar y colaborativa. Los participantes viven un proceso acompa\u00f1ado de conceptualizaci\u00f3n, investigaci\u00f3n pr\u00e1ctica y dise\u00f1o de una creaci\u00f3n contempor\u00e1nea basada en el uso de la tecnolog\u00eda, la danza contempor\u00e1nea, el arte sonoro y el visual\/digital.<\/p>\n<p>Esta propuesta toma como punto de partida Kinesofos: una instalaci\u00f3n interactiva, obra de Sergi Hern\u00e1ndez, de acercamiento a las cualidades del movimiento a trav\u00e9s de sensores de motion-capture, presente en la 17\u00aa Bienal de Arquitectura de Venecia 2021. A esta instalaci\u00f3n, se suma la experiencia en pedagog\u00eda de la danza contempor\u00e1nea y en coreograf\u00eda de Cintia Solbes, que junto al acompa\u00f1amiento musical de Carlos Izquierdo lo convierten en una propuesta para adolescentes en la que pueden experimentar con el movimiento y participar en la creaci\u00f3n de nuevos dise\u00f1os interactivos.<\/p>\n<p>El retorno final de este proceso es la creaci\u00f3n de una serie de peque\u00f1as piezas experimentales en las que los alumnos son los creadores e int\u00e9rpretes. Usando un sensor de captura de movimiento, ven sus cuerpos y movimientos convertidos a tiempo real en figuras geom\u00e9tricas digitales, construyendo escenas interactivas individuales y por peque\u00f1os grupos, siendo ellos mismos creadores de los dise\u00f1os digitales y del gui\u00f3n de cada escena.<\/p>\n<p>De esta manera, el alumnado, acompa\u00f1ado por el profesorado, pueden desarrollar competencias del curr\u00edculo b\u00e1sico de ESO y Bachillerato relativas a las disciplinas antes mencionadas, apoyadas en algunos de los objetivos generales y espec\u00edficos del curr\u00edculo de las ense\u00f1anzas profesionales de danza. Al trabajar horizontalmente, alumnos y profesores est\u00e1n inmersos en un contexto que favorece el fortalecimiento de la comunidad educativa.[\/vc_column_text][\/vc_column_inner][\/vc_row_inner][vc_row_inner el_class=\u00bbfila-contenido-prj\u00bb][vc_column_inner el_class=\u00bb-col-titulo-info-proyecto\u00bb width=\u00bb1\/6&#8243;][vc_column_text]<strong>Web:<\/strong>[\/vc_column_text][\/vc_column_inner][vc_column_inner width=\u00bb5\/6&#8243;][vc_column_text]<a href=\"http:\/\/colectivofluenz.com\/ca\/inicio-catala\/\">http:\/\/colectivofluenz.com\/ca\/inicio-catala\/<\/a>[\/vc_column_text][\/vc_column_inner][\/vc_row_inner][vc_row_inner el_class=\u00bbfila-contenido-prj\u00bb][vc_column_inner el_class=\u00bb-col-titulo-info-proyecto\u00bb width=\u00bb1\/6&#8243;][vc_column_text]<strong>Xarxes socials:<\/strong>[\/vc_column_text][\/vc_column_inner][vc_column_inner width=\u00bb5\/6&#8243;]<style type=\"text\/css\" data-type=\"the7_shortcodes-inline-css\">.dt-shortcode-soc-icons.soc-icons-ee5f98c060ba5f8d9bd732d23d07248b a {\n  margin-right: 6px;\n}\n.dt-shortcode-soc-icons a.soc-icons-ee5f98c060ba5f8d9bd732d23d07248b {\n  margin-right: 6px;\n}\n.dt-shortcode-soc-icons a.soc-icons-ee5f98c060ba5f8d9bd732d23d07248b:last-child {\n  margin-right: 0;\n}\n.dt-shortcode-soc-icons a.soc-icons-ee5f98c060ba5f8d9bd732d23d07248b:before,\n.dt-shortcode-soc-icons a.soc-icons-ee5f98c060ba5f8d9bd732d23d07248b:after {\n  padding: inherit;\n}\n.dt-shortcode-soc-icons a.soc-icons-ee5f98c060ba5f8d9bd732d23d07248b.dt-icon-border-on:before {\n  border:  solid ;\n}\n.dt-shortcode-soc-icons a.soc-icons-ee5f98c060ba5f8d9bd732d23d07248b.dt-icon-hover-border-on:after {\n  border:  solid ;\n}<\/style><div class=\"dt-shortcode-soc-icons  soc-icons-ee5f98c060ba5f8d9bd732d23d07248b soc-icons-left \" ><style type=\"text\/css\" data-type=\"the7_shortcodes-inline-css\">.dt-shortcode-soc-icons a.single-soc-icon-1db27f235fd8903558a882b50dcfbda5 {\n  min-width: 28px;\n  min-height: 28px;\n  font-size: 18px;\n  border-radius: 100px;\n}\n.dt-shortcode-soc-icons a.single-soc-icon-1db27f235fd8903558a882b50dcfbda5:last-child {\n  margin-right: 0;\n}\n.dt-shortcode-soc-icons a.single-soc-icon-1db27f235fd8903558a882b50dcfbda5:before,\n.dt-shortcode-soc-icons a.single-soc-icon-1db27f235fd8903558a882b50dcfbda5:after {\n  min-width: 28px;\n  min-height: 28px;\n  padding: inherit;\n}\n#page .dt-shortcode-soc-icons a.single-soc-icon-1db27f235fd8903558a882b50dcfbda5.dt-icon-bg-on:before,\n#phantom .dt-shortcode-soc-icons a.single-soc-icon-1db27f235fd8903558a882b50dcfbda5.dt-icon-bg-on:before {\n  background: #ffffff;\n}\n.dt-shortcode-soc-icons a.single-soc-icon-1db27f235fd8903558a882b50dcfbda5.dt-icon-border-on:before {\n  border: 1px solid #000000;\n}\n.dt-shortcode-soc-icons a.single-soc-icon-1db27f235fd8903558a882b50dcfbda5.dt-icon-hover-border-on:after {\n  border: 1px solid #000000;\n}\n.dt-shortcode-soc-icons a.single-soc-icon-1db27f235fd8903558a882b50dcfbda5:hover {\n  font-size: 18px;\n}\n#page .dt-shortcode-soc-icons a.single-soc-icon-1db27f235fd8903558a882b50dcfbda5:hover .soc-font-icon,\n#phantom .dt-shortcode-soc-icons a.single-soc-icon-1db27f235fd8903558a882b50dcfbda5:hover .soc-font-icon,\n#page .dt-shortcode-soc-icons a.single-soc-icon-1db27f235fd8903558a882b50dcfbda5:hover .soc-icon,\n#phantom .dt-shortcode-soc-icons a.single-soc-icon-1db27f235fd8903558a882b50dcfbda5:hover .soc-icon {\n  color: #ffffff;\n  background: none;\n}\n#page .dt-shortcode-soc-icons a.single-soc-icon-1db27f235fd8903558a882b50dcfbda5.dt-icon-hover-bg-on:after,\n#phantom .dt-shortcode-soc-icons a.single-soc-icon-1db27f235fd8903558a882b50dcfbda5.dt-icon-hover-bg-on:after {\n  background: #000000;\n}\n#page .dt-shortcode-soc-icons a.single-soc-icon-1db27f235fd8903558a882b50dcfbda5:not(:hover) .soc-font-icon,\n#phantom .dt-shortcode-soc-icons a.single-soc-icon-1db27f235fd8903558a882b50dcfbda5:not(:hover) .soc-font-icon,\n#page .dt-shortcode-soc-icons a.single-soc-icon-1db27f235fd8903558a882b50dcfbda5:not(:hover) .soc-icon,\n#phantom .dt-shortcode-soc-icons a.single-soc-icon-1db27f235fd8903558a882b50dcfbda5:not(:hover) .soc-icon {\n  color: #000000;\n  background: none;\n}\n.dt-shortcode-soc-icons a.single-soc-icon-1db27f235fd8903558a882b50dcfbda5 .soc-font-icon,\n.dt-shortcode-soc-icons a.single-soc-icon-1db27f235fd8903558a882b50dcfbda5 .soc-icon {\n  font-size: 18px;\n}<\/style><a title=\"Instagram\" href=\"https:\/\/www.instagram.com\/orsieg\/\" target=\"_blank\" rel=\"nofollow\" class=\"instagram single-soc-icon-1db27f235fd8903558a882b50dcfbda5 dt-icon-bg-on dt-icon-border-on dt-icon-hover-border-on dt-icon-hover-bg-on\"><i class=\"soc-icon soc-font-icon dt-icon-instagram\"><\/i><span class=\"screen-reader-text\">Instagram<\/span><\/a><style type=\"text\/css\" data-type=\"the7_shortcodes-inline-css\">.dt-shortcode-soc-icons a.single-soc-icon-1db27f235fd8903558a882b50dcfbda5 {\n  min-width: 28px;\n  min-height: 28px;\n  font-size: 18px;\n  border-radius: 100px;\n}\n.dt-shortcode-soc-icons a.single-soc-icon-1db27f235fd8903558a882b50dcfbda5:last-child {\n  margin-right: 0;\n}\n.dt-shortcode-soc-icons a.single-soc-icon-1db27f235fd8903558a882b50dcfbda5:before,\n.dt-shortcode-soc-icons a.single-soc-icon-1db27f235fd8903558a882b50dcfbda5:after {\n  min-width: 28px;\n  min-height: 28px;\n  padding: inherit;\n}\n#page .dt-shortcode-soc-icons a.single-soc-icon-1db27f235fd8903558a882b50dcfbda5.dt-icon-bg-on:before,\n#phantom .dt-shortcode-soc-icons a.single-soc-icon-1db27f235fd8903558a882b50dcfbda5.dt-icon-bg-on:before {\n  background: #ffffff;\n}\n.dt-shortcode-soc-icons a.single-soc-icon-1db27f235fd8903558a882b50dcfbda5.dt-icon-border-on:before {\n  border: 1px solid #000000;\n}\n.dt-shortcode-soc-icons a.single-soc-icon-1db27f235fd8903558a882b50dcfbda5.dt-icon-hover-border-on:after {\n  border: 1px solid #000000;\n}\n.dt-shortcode-soc-icons a.single-soc-icon-1db27f235fd8903558a882b50dcfbda5:hover {\n  font-size: 18px;\n}\n#page .dt-shortcode-soc-icons a.single-soc-icon-1db27f235fd8903558a882b50dcfbda5:hover .soc-font-icon,\n#phantom .dt-shortcode-soc-icons a.single-soc-icon-1db27f235fd8903558a882b50dcfbda5:hover .soc-font-icon,\n#page .dt-shortcode-soc-icons a.single-soc-icon-1db27f235fd8903558a882b50dcfbda5:hover .soc-icon,\n#phantom .dt-shortcode-soc-icons a.single-soc-icon-1db27f235fd8903558a882b50dcfbda5:hover .soc-icon {\n  color: #ffffff;\n  background: none;\n}\n#page .dt-shortcode-soc-icons a.single-soc-icon-1db27f235fd8903558a882b50dcfbda5.dt-icon-hover-bg-on:after,\n#phantom .dt-shortcode-soc-icons a.single-soc-icon-1db27f235fd8903558a882b50dcfbda5.dt-icon-hover-bg-on:after {\n  background: #000000;\n}\n#page .dt-shortcode-soc-icons a.single-soc-icon-1db27f235fd8903558a882b50dcfbda5:not(:hover) .soc-font-icon,\n#phantom .dt-shortcode-soc-icons a.single-soc-icon-1db27f235fd8903558a882b50dcfbda5:not(:hover) .soc-font-icon,\n#page .dt-shortcode-soc-icons a.single-soc-icon-1db27f235fd8903558a882b50dcfbda5:not(:hover) .soc-icon,\n#phantom .dt-shortcode-soc-icons a.single-soc-icon-1db27f235fd8903558a882b50dcfbda5:not(:hover) .soc-icon {\n  color: #000000;\n  background: none;\n}\n.dt-shortcode-soc-icons a.single-soc-icon-1db27f235fd8903558a882b50dcfbda5 .soc-font-icon,\n.dt-shortcode-soc-icons a.single-soc-icon-1db27f235fd8903558a882b50dcfbda5 .soc-icon {\n  font-size: 18px;\n}<\/style><a title=\"Instagram\" href=\"https:\/\/www.instagram.com\/orsieg\/\" target=\"_blank\" rel=\"nofollow\" class=\"instagram single-soc-icon-1db27f235fd8903558a882b50dcfbda5 dt-icon-bg-on dt-icon-border-on dt-icon-hover-border-on dt-icon-hover-bg-on\"><i class=\"soc-icon soc-font-icon dt-icon-instagram\"><\/i><span class=\"screen-reader-text\">Instagram<\/span><\/a><style type=\"text\/css\" data-type=\"the7_shortcodes-inline-css\">.dt-shortcode-soc-icons a.single-soc-icon-1fe5b7f7ffdd277b356a5e231bae88c4 {\n  min-width: 28px;\n  min-height: 28px;\n  font-size: 18px;\n  border-radius: 100px;\n}\n.dt-shortcode-soc-icons a.single-soc-icon-1fe5b7f7ffdd277b356a5e231bae88c4:last-child {\n  margin-right: 0;\n}\n.dt-shortcode-soc-icons a.single-soc-icon-1fe5b7f7ffdd277b356a5e231bae88c4:before,\n.dt-shortcode-soc-icons a.single-soc-icon-1fe5b7f7ffdd277b356a5e231bae88c4:after {\n  min-width: 28px;\n  min-height: 28px;\n  padding: inherit;\n}\n#page .dt-shortcode-soc-icons a.single-soc-icon-1fe5b7f7ffdd277b356a5e231bae88c4.dt-icon-bg-on:before,\n#phantom .dt-shortcode-soc-icons a.single-soc-icon-1fe5b7f7ffdd277b356a5e231bae88c4.dt-icon-bg-on:before {\n  background: #ffffff;\n}\n.dt-shortcode-soc-icons a.single-soc-icon-1fe5b7f7ffdd277b356a5e231bae88c4.dt-icon-border-on:before {\n  border: 1px solid #000000;\n}\n.dt-shortcode-soc-icons a.single-soc-icon-1fe5b7f7ffdd277b356a5e231bae88c4.dt-icon-hover-border-on:after {\n  border: 1px solid #000000;\n}\n.dt-shortcode-soc-icons a.single-soc-icon-1fe5b7f7ffdd277b356a5e231bae88c4:hover {\n  font-size: 18px;\n}\n#page .dt-shortcode-soc-icons a.single-soc-icon-1fe5b7f7ffdd277b356a5e231bae88c4:hover .soc-font-icon,\n#phantom .dt-shortcode-soc-icons a.single-soc-icon-1fe5b7f7ffdd277b356a5e231bae88c4:hover .soc-font-icon,\n#page .dt-shortcode-soc-icons a.single-soc-icon-1fe5b7f7ffdd277b356a5e231bae88c4:hover .soc-icon,\n#phantom .dt-shortcode-soc-icons a.single-soc-icon-1fe5b7f7ffdd277b356a5e231bae88c4:hover .soc-icon {\n  color: #ffffff;\n  background: none;\n}\n#page .dt-shortcode-soc-icons a.single-soc-icon-1fe5b7f7ffdd277b356a5e231bae88c4.dt-icon-hover-bg-on:after,\n#phantom .dt-shortcode-soc-icons a.single-soc-icon-1fe5b7f7ffdd277b356a5e231bae88c4.dt-icon-hover-bg-on:after {\n  background: #000000;\n}\n#page .dt-shortcode-soc-icons a.single-soc-icon-1fe5b7f7ffdd277b356a5e231bae88c4:not(:hover) .soc-font-icon,\n#phantom .dt-shortcode-soc-icons a.single-soc-icon-1fe5b7f7ffdd277b356a5e231bae88c4:not(:hover) .soc-font-icon,\n#page .dt-shortcode-soc-icons a.single-soc-icon-1fe5b7f7ffdd277b356a5e231bae88c4:not(:hover) .soc-icon,\n#phantom .dt-shortcode-soc-icons a.single-soc-icon-1fe5b7f7ffdd277b356a5e231bae88c4:not(:hover) .soc-icon {\n  color: #000000;\n  background: none;\n}\n.dt-shortcode-soc-icons a.single-soc-icon-1fe5b7f7ffdd277b356a5e231bae88c4 .soc-font-icon,\n.dt-shortcode-soc-icons a.single-soc-icon-1fe5b7f7ffdd277b356a5e231bae88c4 .soc-icon {\n  font-size: 18px;\n}<\/style><a title=\"Instagram\" href=\"https:\/\/www.instagram.com\/arcoglanz\/\" target=\"_blank\" rel=\"nofollow\" class=\"instagram single-soc-icon-1fe5b7f7ffdd277b356a5e231bae88c4 dt-icon-bg-on dt-icon-border-on dt-icon-hover-border-on dt-icon-hover-bg-on\"><i class=\"soc-icon soc-font-icon dt-icon-instagram\"><\/i><span class=\"screen-reader-text\">Instagram<\/span><\/a><style type=\"text\/css\" data-type=\"the7_shortcodes-inline-css\">.dt-shortcode-soc-icons a.single-soc-icon-1db27f235fd8903558a882b50dcfbda5 {\n  min-width: 28px;\n  min-height: 28px;\n  font-size: 18px;\n  border-radius: 100px;\n}\n.dt-shortcode-soc-icons a.single-soc-icon-1db27f235fd8903558a882b50dcfbda5:last-child {\n  margin-right: 0;\n}\n.dt-shortcode-soc-icons a.single-soc-icon-1db27f235fd8903558a882b50dcfbda5:before,\n.dt-shortcode-soc-icons a.single-soc-icon-1db27f235fd8903558a882b50dcfbda5:after {\n  min-width: 28px;\n  min-height: 28px;\n  padding: inherit;\n}\n#page .dt-shortcode-soc-icons a.single-soc-icon-1db27f235fd8903558a882b50dcfbda5.dt-icon-bg-on:before,\n#phantom .dt-shortcode-soc-icons a.single-soc-icon-1db27f235fd8903558a882b50dcfbda5.dt-icon-bg-on:before {\n  background: #ffffff;\n}\n.dt-shortcode-soc-icons a.single-soc-icon-1db27f235fd8903558a882b50dcfbda5.dt-icon-border-on:before {\n  border: 1px solid #000000;\n}\n.dt-shortcode-soc-icons a.single-soc-icon-1db27f235fd8903558a882b50dcfbda5.dt-icon-hover-border-on:after {\n  border: 1px solid #000000;\n}\n.dt-shortcode-soc-icons a.single-soc-icon-1db27f235fd8903558a882b50dcfbda5:hover {\n  font-size: 18px;\n}\n#page .dt-shortcode-soc-icons a.single-soc-icon-1db27f235fd8903558a882b50dcfbda5:hover .soc-font-icon,\n#phantom .dt-shortcode-soc-icons a.single-soc-icon-1db27f235fd8903558a882b50dcfbda5:hover .soc-font-icon,\n#page .dt-shortcode-soc-icons a.single-soc-icon-1db27f235fd8903558a882b50dcfbda5:hover .soc-icon,\n#phantom .dt-shortcode-soc-icons a.single-soc-icon-1db27f235fd8903558a882b50dcfbda5:hover .soc-icon {\n  color: #ffffff;\n  background: none;\n}\n#page .dt-shortcode-soc-icons a.single-soc-icon-1db27f235fd8903558a882b50dcfbda5.dt-icon-hover-bg-on:after,\n#phantom .dt-shortcode-soc-icons a.single-soc-icon-1db27f235fd8903558a882b50dcfbda5.dt-icon-hover-bg-on:after {\n  background: #000000;\n}\n#page .dt-shortcode-soc-icons a.single-soc-icon-1db27f235fd8903558a882b50dcfbda5:not(:hover) .soc-font-icon,\n#phantom .dt-shortcode-soc-icons a.single-soc-icon-1db27f235fd8903558a882b50dcfbda5:not(:hover) .soc-font-icon,\n#page .dt-shortcode-soc-icons a.single-soc-icon-1db27f235fd8903558a882b50dcfbda5:not(:hover) .soc-icon,\n#phantom .dt-shortcode-soc-icons a.single-soc-icon-1db27f235fd8903558a882b50dcfbda5:not(:hover) .soc-icon {\n  color: #000000;\n  background: none;\n}\n.dt-shortcode-soc-icons a.single-soc-icon-1db27f235fd8903558a882b50dcfbda5 .soc-font-icon,\n.dt-shortcode-soc-icons a.single-soc-icon-1db27f235fd8903558a882b50dcfbda5 .soc-icon {\n  font-size: 18px;\n}<\/style><a title=\"Instagram\" href=\"https:\/\/www.instagram.com\/orsieg\/\" target=\"_blank\" rel=\"nofollow\" class=\"instagram single-soc-icon-1db27f235fd8903558a882b50dcfbda5 dt-icon-bg-on dt-icon-border-on dt-icon-hover-border-on dt-icon-hover-bg-on\"><i class=\"soc-icon soc-font-icon dt-icon-instagram\"><\/i><span class=\"screen-reader-text\">Instagram<\/span><\/a><\/div>[\/vc_column_inner][\/vc_row_inner][vc_row_inner][vc_column_inner el_class=\u00bb-col-titulo-info-proyecto\u00bb width=\u00bb1\/6&#8243;][vc_column_text]<strong>Bio:<\/strong>[\/vc_column_text][\/vc_column_inner][vc_column_inner width=\u00bb5\/6&#8243;][vc_column_text]<strong>Colectivo Fluenz<\/strong>\u00a0es un colectivo multidisciplinar con distintos perfiles art\u00edsticos y experiencia en la creaci\u00f3n esc\u00e9nica y musical, dise\u00f1o arquitect\u00f3nico y tecnol\u00f3gico, y experiencias docentes. Desarrollan propuestas h\u00edbridas nacidas de la intersecci\u00f3n de la tecnolog\u00eda y las artes visuales, sonoras y esc\u00e9nicas; investigando sobre el espacio, el sonido, el movimiento y la imagen.<\/p>\n<p><strong>Cintia Solbes<\/strong>, titulada superior en Pedagog\u00eda de la Danza Contempor\u00e1nea (CSDA). Creadora de proyectos esc\u00e9nicos educativos. En 2017 crea y codirige \u201cFLOW Espacio Vivo \u2022 Arte y Movimiento\u201d, centro dedicado a la ense\u00f1anza-aprendizaje, investigaci\u00f3n, divulgaci\u00f3n y producci\u00f3n relacionada con las artes y el movimiento en Alicante.<\/p>\n<p><strong>Sergi Hern\u00e1ndez Carretero<\/strong>, es arquitecto y tecn\u00f3logo creativo, especializado en experiencias interactivas, museograf\u00eda y nuevas narrativas digitales. Ha recibido 3 premios de arquitectura y cuenta con 7 proyectos finalistas en innovaci\u00f3n digital.<\/p>\n<p><strong>Carlos Izquierdo\u00a0<\/strong>es compositor, pedagogo, artista sonoro y comisario. Dirige distintos proyectos de m\u00fasica cl\u00e1sica, contempor\u00e1nea, electr\u00f3nica y experimental, y desarrolla propuestas que relacionan lo sonoro con el territorio, la identidad y la memoria.[\/vc_column_text][\/vc_column_inner][\/vc_row_inner][vc_empty_space height=\u00bb15px\u00bb][vc_empty_space height=\u00bb15px\u00bb][\/vc_column][\/vc_row][vc_row][vc_column][vc_separator color=\u00bbblack\u00bb border_width=\u00bb2&#8243;][\/vc_column][\/vc_row][vc_row el_class=\u00bbcontenido-proyecto\u00bb][vc_column width=\u00bb1\/6&#8243;][vc_column_text]<strong>Documentaci\u00f3 gr\u00e0fica:<\/strong>[\/vc_column_text][vc_empty_space height=\u00bb15px\u00bb][\/vc_column][vc_column width=\u00bb5\/6&#8243;]<style type=\"text\/css\" data-type=\"the7_shortcodes-inline-css\">.gallery-shortcode.gallery-masonry-shortcode-id-31e2e7b061eab2369885da056dd4f10a figure,\n.gallery-shortcode.gallery-masonry-shortcode-id-31e2e7b061eab2369885da056dd4f10a .rollover,\n.gallery-shortcode.gallery-masonry-shortcode-id-31e2e7b061eab2369885da056dd4f10a img,\n.gallery-shortcode.gallery-masonry-shortcode-id-31e2e7b061eab2369885da056dd4f10a .gallery-rollover {\n  border-radius: 0px;\n}\n.gallery-shortcode.gallery-masonry-shortcode-id-31e2e7b061eab2369885da056dd4f10a.enable-bg-rollover .gallery-rollover {\n  background: -webkit-linear-gradient();\n  background: linear-gradient();\n}\n.gallery-shortcode.gallery-masonry-shortcode-id-31e2e7b061eab2369885da056dd4f10a.enable-bg-rollover.hover-scale figure .rollover:after {\n  background: -webkit-linear-gradient();\n  background: linear-gradient();\n}\n.gallery-shortcode.gallery-masonry-shortcode-id-31e2e7b061eab2369885da056dd4f10a .gallery-zoom-ico {\n  width: 44px;\n  height: 44px;\n  line-height: 44px;\n  border-radius: 100px;\n  margin: -22px 0 0 -22px;\n  border-width: 0px;\n  color: #ffffff;\n}\n.dt-icon-bg-on.gallery-shortcode.gallery-masonry-shortcode-id-31e2e7b061eab2369885da056dd4f10a .gallery-zoom-ico {\n  background: rgba(255,255,255,0.3);\n  box-shadow: none;\n}\n.gallery-shortcode.gallery-masonry-shortcode-id-31e2e7b061eab2369885da056dd4f10a .gallery-zoom-ico:before,\n.gallery-shortcode.gallery-masonry-shortcode-id-31e2e7b061eab2369885da056dd4f10a .gallery-zoom-ico span {\n  font-size: 32px;\n  line-height: 44px;\n  color: #ffffff;\n}\n.gallery-shortcode.gallery-masonry-shortcode-id-31e2e7b061eab2369885da056dd4f10a:not(.resize-by-browser-width) .dt-css-grid {\n  grid-row-gap: 10px;\n  grid-column-gap: 10px;\n  grid-template-columns: repeat(auto-fill,minmax(,1fr));\n}\n.gallery-shortcode.gallery-masonry-shortcode-id-31e2e7b061eab2369885da056dd4f10a:not(.resize-by-browser-width) .dt-css-grid .double-width {\n  grid-column: span 2;\n}\n.cssgridlegacy.no-cssgrid .gallery-shortcode.gallery-masonry-shortcode-id-31e2e7b061eab2369885da056dd4f10a:not(.resize-by-browser-width) .dt-css-grid,\n.no-cssgridlegacy.no-cssgrid .gallery-shortcode.gallery-masonry-shortcode-id-31e2e7b061eab2369885da056dd4f10a:not(.resize-by-browser-width) .dt-css-grid {\n  display: flex;\n  flex-flow: row wrap;\n  margin: -5px;\n}\n.cssgridlegacy.no-cssgrid .gallery-shortcode.gallery-masonry-shortcode-id-31e2e7b061eab2369885da056dd4f10a:not(.resize-by-browser-width) .dt-css-grid .wf-cell,\n.no-cssgridlegacy.no-cssgrid .gallery-shortcode.gallery-masonry-shortcode-id-31e2e7b061eab2369885da056dd4f10a:not(.resize-by-browser-width) .dt-css-grid .wf-cell {\n  flex: 1 0 ;\n  max-width: 100%;\n  padding: 5px;\n  box-sizing: border-box;\n}\n.gallery-shortcode.gallery-masonry-shortcode-id-31e2e7b061eab2369885da056dd4f10a.resize-by-browser-width .dt-css-grid {\n  grid-template-columns: repeat(3,1fr);\n  grid-template-rows: auto;\n  grid-column-gap: 10px;\n  grid-row-gap: 10px;\n}\n.gallery-shortcode.gallery-masonry-shortcode-id-31e2e7b061eab2369885da056dd4f10a.resize-by-browser-width .dt-css-grid .double-width {\n  grid-column: span 2;\n}\n.cssgridlegacy.no-cssgrid .gallery-shortcode.gallery-masonry-shortcode-id-31e2e7b061eab2369885da056dd4f10a.resize-by-browser-width .dt-css-grid {\n  margin: -5px;\n}\n.cssgridlegacy.no-cssgrid .gallery-shortcode.gallery-masonry-shortcode-id-31e2e7b061eab2369885da056dd4f10a.resize-by-browser-width .dt-css-grid .wf-cell {\n  width: 33.333333333333%;\n  padding: 5px;\n}\n.cssgridlegacy.no-cssgrid .gallery-shortcode.gallery-masonry-shortcode-id-31e2e7b061eab2369885da056dd4f10a.resize-by-browser-width .dt-css-grid .wf-cell.double-width {\n  width: calc(33.333333333333%) * 2;\n}\n.gallery-shortcode.gallery-masonry-shortcode-id-31e2e7b061eab2369885da056dd4f10a.resize-by-browser-width:not(.centered-layout-list):not(.content-bg-on) .dt-css-grid {\n  grid-row-gap: 10px - ;\n}\n@media screen and (max-width: 1199px) {\n  .gallery-shortcode.gallery-masonry-shortcode-id-31e2e7b061eab2369885da056dd4f10a.resize-by-browser-width .dt-css-grid {\n    grid-template-columns: repeat(3,1fr);\n  }\n  .cssgridlegacy.no-cssgrid .gallery-shortcode.gallery-masonry-shortcode-id-31e2e7b061eab2369885da056dd4f10a.resize-by-browser-width .dt-css-grid .wf-cell,\n  .no-cssgridlegacy.no-cssgrid .gallery-shortcode.gallery-masonry-shortcode-id-31e2e7b061eab2369885da056dd4f10a.resize-by-browser-width .dt-css-grid .wf-cell {\n    width: 33.333333333333%;\n  }\n  .cssgridlegacy.no-cssgrid .gallery-shortcode.gallery-masonry-shortcode-id-31e2e7b061eab2369885da056dd4f10a.resize-by-browser-width .dt-css-grid .wf-cell.double-width,\n  .no-cssgridlegacy.no-cssgrid .gallery-shortcode.gallery-masonry-shortcode-id-31e2e7b061eab2369885da056dd4f10a.resize-by-browser-width .dt-css-grid .wf-cell.double-width {\n    width: calc(33.333333333333%)*2;\n  }\n}\n@media screen and (max-width: 991px) {\n  .gallery-shortcode.gallery-masonry-shortcode-id-31e2e7b061eab2369885da056dd4f10a.resize-by-browser-width .dt-css-grid {\n    grid-template-columns: repeat(2,1fr);\n  }\n  .cssgridlegacy.no-cssgrid .gallery-shortcode.gallery-masonry-shortcode-id-31e2e7b061eab2369885da056dd4f10a.resize-by-browser-width .dt-css-grid .wf-cell,\n  .no-cssgridlegacy.no-cssgrid .gallery-shortcode.gallery-masonry-shortcode-id-31e2e7b061eab2369885da056dd4f10a.resize-by-browser-width .dt-css-grid .wf-cell {\n    width: 50%;\n  }\n  .cssgridlegacy.no-cssgrid .gallery-shortcode.gallery-masonry-shortcode-id-31e2e7b061eab2369885da056dd4f10a.resize-by-browser-width .dt-css-grid .wf-cell.double-width,\n  .no-cssgridlegacy.no-cssgrid .gallery-shortcode.gallery-masonry-shortcode-id-31e2e7b061eab2369885da056dd4f10a.resize-by-browser-width .dt-css-grid .wf-cell.double-width {\n    width: calc(50%)*2;\n  }\n}\n@media screen and (max-width: 767px) {\n  .gallery-shortcode.gallery-masonry-shortcode-id-31e2e7b061eab2369885da056dd4f10a.resize-by-browser-width .dt-css-grid {\n    grid-template-columns: repeat(1,1fr);\n  }\n  .cssgridlegacy.no-cssgrid .gallery-shortcode.gallery-masonry-shortcode-id-31e2e7b061eab2369885da056dd4f10a.resize-by-browser-width .dt-css-grid .wf-cell,\n  .no-cssgridlegacy.no-cssgrid .gallery-shortcode.gallery-masonry-shortcode-id-31e2e7b061eab2369885da056dd4f10a.resize-by-browser-width .dt-css-grid .wf-cell {\n    width: 100%;\n  }\n  .cssgridlegacy.no-cssgrid .gallery-shortcode.gallery-masonry-shortcode-id-31e2e7b061eab2369885da056dd4f10a.resize-by-browser-width .dt-css-grid .wf-cell.double-width,\n  .no-cssgridlegacy.no-cssgrid .gallery-shortcode.gallery-masonry-shortcode-id-31e2e7b061eab2369885da056dd4f10a.resize-by-browser-width .dt-css-grid .wf-cell.double-width {\n    width: calc(100%)*2;\n  }\n}<\/style><div class=\"gallery-shortcode dt-gallery-container gallery-masonry-shortcode-id-31e2e7b061eab2369885da056dd4f10a mode-masonry jquery-filter dt-icon-bg-off quick-scale-img enable-bg-rollover resize-by-browser-width  hover-fade loading-effect-none description-on-hover\" data-padding=\"5px\" data-cur-page=\"1\" data-post-limit=\"-1\" data-pagination-mode=\"none\" data-desktop-columns-num=\"3\" data-v-tablet-columns-num=\"2\" data-h-tablet-columns-num=\"3\" data-phone-columns-num=\"1\" data-width=\"0px\" data-columns=\"0\"><div class=\"iso-container\" ><div class=\"wf-cell iso-item\" data-post-id=\"3004\" data-date=\"2023-04-21T12:44:56+02:00\" data-name=\"AulaKine_01_Foto_Lucia-Morate-1024x681\"><figure class=\"post visible\"><a href=\"https:\/\/resistencies.consorcimuseus.gva.es\/wp-content\/uploads\/2023\/04\/AulaKine_01_Foto_Lucia-Morate-1024x681-1.jpg\" class=\"rollover dt-pswp-item layzr-bg\" data-large_image_width=\"1024\" data-large_image_height=\"681\" data-dt-img-description=\"\" title=\"AulaKine_01_Foto_Lucia-Morate-1024&#215;681\"><img fetchpriority=\"high\" decoding=\"async\" class=\"preload-me iso-lazy-load aspect\" src=\"data:image\/svg+xml,%3Csvg%20xmlns%3D&#39;http%3A%2F%2Fwww.w3.org%2F2000%2Fsvg&#39;%20viewBox%3D&#39;0%200%20768%20576&#39;%2F%3E\" data-src=\"https:\/\/resistencies.consorcimuseus.gva.es\/wp-content\/uploads\/2023\/04\/AulaKine_01_Foto_Lucia-Morate-1024x681-1-768x576.jpg\" data-srcset=\"https:\/\/resistencies.consorcimuseus.gva.es\/wp-content\/uploads\/2023\/04\/AulaKine_01_Foto_Lucia-Morate-1024x681-1-768x576.jpg 768w, https:\/\/resistencies.consorcimuseus.gva.es\/wp-content\/uploads\/2023\/04\/AulaKine_01_Foto_Lucia-Morate-1024x681-1-907x681.jpg 907w\" loading=\"eager\" style=\"--ratio: 768 \/ 576\" sizes=\"(max-width: 768px) 100vw, 768px\" alt=\"\" width=\"768\" height=\"576\"  \/><span class=\"gallery-rollover\"><span class=\"gallery-zoom-ico icomoon-the7-font-the7-zoom-06\"><span><\/span><\/span><\/span><\/a><\/figure><\/div><div class=\"wf-cell iso-item\" data-post-id=\"3006\" data-date=\"2023-04-21T12:44:58+02:00\" data-name=\"AulaKine_02_Foto_Lucia-Morate-1024x681\"><figure class=\"post visible\"><a href=\"https:\/\/resistencies.consorcimuseus.gva.es\/wp-content\/uploads\/2023\/04\/AulaKine_02_Foto_Lucia-Morate-1024x681-1.jpg\" class=\"rollover dt-pswp-item layzr-bg\" data-large_image_width=\"1024\" data-large_image_height=\"681\" data-dt-img-description=\"\" title=\"AulaKine_02_Foto_Lucia-Morate-1024&#215;681\"><img decoding=\"async\" class=\"preload-me iso-lazy-load aspect\" src=\"data:image\/svg+xml,%3Csvg%20xmlns%3D&#39;http%3A%2F%2Fwww.w3.org%2F2000%2Fsvg&#39;%20viewBox%3D&#39;0%200%20768%20576&#39;%2F%3E\" data-src=\"https:\/\/resistencies.consorcimuseus.gva.es\/wp-content\/uploads\/2023\/04\/AulaKine_02_Foto_Lucia-Morate-1024x681-1-768x576.jpg\" data-srcset=\"https:\/\/resistencies.consorcimuseus.gva.es\/wp-content\/uploads\/2023\/04\/AulaKine_02_Foto_Lucia-Morate-1024x681-1-768x576.jpg 768w, https:\/\/resistencies.consorcimuseus.gva.es\/wp-content\/uploads\/2023\/04\/AulaKine_02_Foto_Lucia-Morate-1024x681-1-907x681.jpg 907w\" loading=\"eager\" style=\"--ratio: 768 \/ 576\" sizes=\"(max-width: 768px) 100vw, 768px\" alt=\"\" width=\"768\" height=\"576\"  \/><span class=\"gallery-rollover\"><span class=\"gallery-zoom-ico icomoon-the7-font-the7-zoom-06\"><span><\/span><\/span><\/span><\/a><\/figure><\/div><div class=\"wf-cell iso-item\" data-post-id=\"3012\" data-date=\"2023-04-21T12:45:58+02:00\" data-name=\"AulaKine_04_Foto_Lucia-Morate-681x1024\"><figure class=\"post visible\"><a href=\"https:\/\/resistencies.consorcimuseus.gva.es\/wp-content\/uploads\/2023\/04\/AulaKine_04_Foto_Lucia-Morate-681x1024-1.jpg\" class=\"rollover dt-pswp-item layzr-bg\" data-large_image_width=\"681\" data-large_image_height=\"1024\" data-dt-img-description=\"\" title=\"AulaKine_04_Foto_Lucia-Morate-681&#215;1024\"><img decoding=\"async\" class=\"preload-me iso-lazy-load aspect\" src=\"data:image\/svg+xml,%3Csvg%20xmlns%3D&#39;http%3A%2F%2Fwww.w3.org%2F2000%2Fsvg&#39;%20viewBox%3D&#39;0%200%20681%20510&#39;%2F%3E\" data-src=\"https:\/\/resistencies.consorcimuseus.gva.es\/wp-content\/uploads\/2023\/04\/AulaKine_04_Foto_Lucia-Morate-681x1024-1-681x510.jpg\" data-srcset=\"https:\/\/resistencies.consorcimuseus.gva.es\/wp-content\/uploads\/2023\/04\/AulaKine_04_Foto_Lucia-Morate-681x1024-1-681x510.jpg 681w\" loading=\"eager\" style=\"--ratio: 681 \/ 510\" sizes=\"(max-width: 681px) 100vw, 681px\" alt=\"\" width=\"681\" height=\"510\"  \/><span class=\"gallery-rollover\"><span class=\"gallery-zoom-ico icomoon-the7-font-the7-zoom-06\"><span><\/span><\/span><\/span><\/a><\/figure><\/div><\/div><!-- iso-container|iso-grid --><\/div>[\/vc_column][\/vc_row][vc_row][vc_column][vc_separator color=\u00bbblack\u00bb border_width=\u00bb2&#8243;][\/vc_column][\/vc_row]<\/p>\n<\/div>","protected":false},"excerpt":{"rendered":"<p>[vc_row][vc_column][vc_separator color=\u00bbblack\u00bb border_width=\u00bb2&#8243;][\/vc_column][\/vc_row][vc_row][vc_column][vc_row_inner el_class=\u00bbfila-contenido-prj\u00bb][vc_column_inner el_class=\u00bb-col-titulo-info-proyecto\u00bb width=\u00bb1\/6&#8243;][vc_column_text]Convocat\u00f2ria:[\/vc_column_text][\/vc_column_inner][vc_column_inner width=\u00bb5\/6&#8243;][vc_column_text]2021-2022 [\/vc_column_text][\/vc_column_inner][\/vc_row_inner][vc_row_inner el_class=\u00bbfila-contenido-prj\u00bb][vc_column_inner el_class=\u00bb-col-titulo-info-proyecto\u00bb width=\u00bb1\/6&#8243;][vc_column_text]Conceptes clau:[\/vc_column_text][\/vc_column_inner][vc_column_inner width=\u00bb5\/6&#8243;][vc_column_text]Arte interactivo, danza contempor\u00e1nea, procesos de creaci\u00f3n art\u00edstica, creaci\u00f3n digital, interdisciplinariedad y trabajo colaborativo, interacci\u00f3n entre danza, m\u00fasica y visuales, innovaci\u00f3n art\u00edstica, metodolog\u00eda investigativa y basada en proyectos, comunidad de aprendizaje[\/vc_column_text][\/vc_column_inner][\/vc_row_inner][vc_row_inner el_class=\u00bbfila-contenido-prj\u00bb][vc_column_inner el_class=\u00bb-col-titulo-info-proyecto\u00bb width=\u00bb1\/6&#8243;][vc_column_text]Nivell educatiu:[\/vc_column_text][\/vc_column_inner][vc_column_inner width=\u00bb5\/6&#8243;][vc_column_text]Primaria[\/vc_column_text][\/vc_column_inner][\/vc_row_inner][vc_row_inner el_class=\u00bbfila-contenido-prj\u00bb][vc_column_inner el_class=\u00bb-col-titulo-info-proyecto\u00bb width=\u00bb1\/6&#8243;][vc_column_text]T\u00edtol projecte:[\/vc_column_text][\/vc_column_inner][vc_column_inner width=\u00bb5\/6&#8243;][vc_column_text]Aula Kine[\/vc_column_text][\/vc_column_inner][\/vc_row_inner][vc_row_inner el_class=\u00bbfila-contenido-prj\u00bb][vc_column_inner&hellip;<\/p>\n","protected":false},"author":3,"featured_media":3009,"comment_status":"closed","ping_status":"open","sticky":false,"template":"","format":"standard","meta":{"footnotes":""},"categories":[72,65,70],"tags":[110,100,104],"class_list":["post-3014","post","type-post","status-publish","format-standard","has-post-thumbnail","hentry","category-en-red","category-paisajes-sensoriales","category-saberes-otros","tag-2021-2022-es","tag-alicante-es","tag-primaria-es","category-72","category-65","category-70","description-off"],"yoast_head":"<!-- This site is optimized with the Yoast SEO plugin v27.3 - https:\/\/yoast.com\/product\/yoast-seo-wordpress\/ -->\n<title>Aula Kine - Resist\u00e8ncies Art\u00edstiques CMCV<\/title>\n<meta name=\"robots\" content=\"index, follow, max-snippet:-1, max-image-preview:large, max-video-preview:-1\" \/>\n<link rel=\"canonical\" href=\"https:\/\/resistencies.consorcimuseus.gva.es\/es\/aula-kine\/\" \/>\n<meta property=\"og:locale\" content=\"es_ES\" \/>\n<meta property=\"og:type\" content=\"article\" \/>\n<meta property=\"og:title\" content=\"Aula Kine - Resist\u00e8ncies Art\u00edstiques CMCV\" \/>\n<meta property=\"og:description\" content=\"[vc_row][vc_column][vc_separator color=\u00bbblack\u00bb border_width=\u00bb2&#8243;][\/vc_column][\/vc_row][vc_row][vc_column][vc_row_inner el_class=\u00bbfila-contenido-prj\u00bb][vc_column_inner el_class=\u00bb-col-titulo-info-proyecto\u00bb width=\u00bb1\/6&#8243;][vc_column_text]Convocat\u00f2ria:[\/vc_column_text][\/vc_column_inner][vc_column_inner width=\u00bb5\/6&#8243;][vc_column_text]2021-2022 [\/vc_column_text][\/vc_column_inner][\/vc_row_inner][vc_row_inner el_class=\u00bbfila-contenido-prj\u00bb][vc_column_inner el_class=\u00bb-col-titulo-info-proyecto\u00bb width=\u00bb1\/6&#8243;][vc_column_text]Conceptes clau:[\/vc_column_text][\/vc_column_inner][vc_column_inner width=\u00bb5\/6&#8243;][vc_column_text]Arte interactivo, danza contempor\u00e1nea, procesos de creaci\u00f3n art\u00edstica, creaci\u00f3n digital, interdisciplinariedad y trabajo colaborativo, interacci\u00f3n entre danza, m\u00fasica y visuales, innovaci\u00f3n art\u00edstica, metodolog\u00eda investigativa y basada en proyectos, comunidad de aprendizaje[\/vc_column_text][\/vc_column_inner][\/vc_row_inner][vc_row_inner el_class=\u00bbfila-contenido-prj\u00bb][vc_column_inner el_class=\u00bb-col-titulo-info-proyecto\u00bb width=\u00bb1\/6&#8243;][vc_column_text]Nivell educatiu:[\/vc_column_text][\/vc_column_inner][vc_column_inner width=\u00bb5\/6&#8243;][vc_column_text]Primaria[\/vc_column_text][\/vc_column_inner][\/vc_row_inner][vc_row_inner el_class=\u00bbfila-contenido-prj\u00bb][vc_column_inner el_class=\u00bb-col-titulo-info-proyecto\u00bb width=\u00bb1\/6&#8243;][vc_column_text]T\u00edtol projecte:[\/vc_column_text][\/vc_column_inner][vc_column_inner width=\u00bb5\/6&#8243;][vc_column_text]Aula Kine[\/vc_column_text][\/vc_column_inner][\/vc_row_inner][vc_row_inner el_class=\u00bbfila-contenido-prj\u00bb][vc_column_inner&hellip;\" \/>\n<meta property=\"og:url\" content=\"https:\/\/resistencies.consorcimuseus.gva.es\/es\/aula-kine\/\" \/>\n<meta property=\"og:site_name\" content=\"Resist\u00e8ncies Art\u00edstiques CMCV\" \/>\n<meta property=\"article:published_time\" content=\"2023-04-21T10:51:13+00:00\" \/>\n<meta property=\"og:image\" content=\"https:\/\/resistencies.consorcimuseus.gva.es\/wp-content\/uploads\/2023\/04\/afs-1.jpg\" \/>\n\t<meta property=\"og:image:width\" content=\"1000\" \/>\n\t<meta property=\"og:image:height\" content=\"667\" \/>\n\t<meta property=\"og:image:type\" content=\"image\/jpeg\" \/>\n<meta name=\"author\" content=\"Resist\u00e8ncies Art\u00edstiques CMCV\" \/>\n<meta name=\"twitter:card\" content=\"summary_large_image\" \/>\n<meta name=\"twitter:label1\" content=\"Escrito por\" \/>\n\t<meta name=\"twitter:data1\" content=\"Resist\u00e8ncies Art\u00edstiques CMCV\" \/>\n\t<meta name=\"twitter:label2\" content=\"Tiempo de lectura\" \/>\n\t<meta name=\"twitter:data2\" content=\"3 minutos\" \/>\n<script type=\"application\/ld+json\" class=\"yoast-schema-graph\">{\"@context\":\"https:\\\/\\\/schema.org\",\"@graph\":[{\"@type\":\"Article\",\"@id\":\"https:\\\/\\\/resistencies.consorcimuseus.gva.es\\\/es\\\/aula-kine\\\/#article\",\"isPartOf\":{\"@id\":\"https:\\\/\\\/resistencies.consorcimuseus.gva.es\\\/es\\\/aula-kine\\\/\"},\"author\":{\"name\":\"Resist\u00e8ncies Art\u00edstiques CMCV\",\"@id\":\"https:\\\/\\\/resistencies.consorcimuseus.gva.es\\\/#\\\/schema\\\/person\\\/a225775d4711c439879bd4d972b8d96d\"},\"headline\":\"Aula Kine\",\"datePublished\":\"2023-04-21T10:51:13+00:00\",\"mainEntityOfPage\":{\"@id\":\"https:\\\/\\\/resistencies.consorcimuseus.gva.es\\\/es\\\/aula-kine\\\/\"},\"wordCount\":1441,\"publisher\":{\"@id\":\"https:\\\/\\\/resistencies.consorcimuseus.gva.es\\\/#organization\"},\"image\":{\"@id\":\"https:\\\/\\\/resistencies.consorcimuseus.gva.es\\\/es\\\/aula-kine\\\/#primaryimage\"},\"thumbnailUrl\":\"https:\\\/\\\/resistencies.consorcimuseus.gva.es\\\/wp-content\\\/uploads\\\/2023\\\/04\\\/afs-1.jpg\",\"keywords\":[\"2021-2022\",\"Alicante\",\"Primaria\"],\"articleSection\":[\"En red\",\"Paisajes Sensoriales\",\"Saberes Otros\"],\"inLanguage\":\"es\"},{\"@type\":\"WebPage\",\"@id\":\"https:\\\/\\\/resistencies.consorcimuseus.gva.es\\\/es\\\/aula-kine\\\/\",\"url\":\"https:\\\/\\\/resistencies.consorcimuseus.gva.es\\\/es\\\/aula-kine\\\/\",\"name\":\"Aula Kine - Resist\u00e8ncies Art\u00edstiques CMCV\",\"isPartOf\":{\"@id\":\"https:\\\/\\\/resistencies.consorcimuseus.gva.es\\\/#website\"},\"primaryImageOfPage\":{\"@id\":\"https:\\\/\\\/resistencies.consorcimuseus.gva.es\\\/es\\\/aula-kine\\\/#primaryimage\"},\"image\":{\"@id\":\"https:\\\/\\\/resistencies.consorcimuseus.gva.es\\\/es\\\/aula-kine\\\/#primaryimage\"},\"thumbnailUrl\":\"https:\\\/\\\/resistencies.consorcimuseus.gva.es\\\/wp-content\\\/uploads\\\/2023\\\/04\\\/afs-1.jpg\",\"datePublished\":\"2023-04-21T10:51:13+00:00\",\"breadcrumb\":{\"@id\":\"https:\\\/\\\/resistencies.consorcimuseus.gva.es\\\/es\\\/aula-kine\\\/#breadcrumb\"},\"inLanguage\":\"es\",\"potentialAction\":[{\"@type\":\"ReadAction\",\"target\":[\"https:\\\/\\\/resistencies.consorcimuseus.gva.es\\\/es\\\/aula-kine\\\/\"]}]},{\"@type\":\"ImageObject\",\"inLanguage\":\"es\",\"@id\":\"https:\\\/\\\/resistencies.consorcimuseus.gva.es\\\/es\\\/aula-kine\\\/#primaryimage\",\"url\":\"https:\\\/\\\/resistencies.consorcimuseus.gva.es\\\/wp-content\\\/uploads\\\/2023\\\/04\\\/afs-1.jpg\",\"contentUrl\":\"https:\\\/\\\/resistencies.consorcimuseus.gva.es\\\/wp-content\\\/uploads\\\/2023\\\/04\\\/afs-1.jpg\",\"width\":1000,\"height\":667},{\"@type\":\"BreadcrumbList\",\"@id\":\"https:\\\/\\\/resistencies.consorcimuseus.gva.es\\\/es\\\/aula-kine\\\/#breadcrumb\",\"itemListElement\":[{\"@type\":\"ListItem\",\"position\":1,\"name\":\"Inici\",\"item\":\"https:\\\/\\\/resistencies.consorcimuseus.gva.es\\\/es\\\/\"},{\"@type\":\"ListItem\",\"position\":2,\"name\":\"Aula Kine\"}]},{\"@type\":\"WebSite\",\"@id\":\"https:\\\/\\\/resistencies.consorcimuseus.gva.es\\\/#website\",\"url\":\"https:\\\/\\\/resistencies.consorcimuseus.gva.es\\\/\",\"name\":\"Resist\u00e8ncies Art\u00edstiques CMCV\",\"description\":\"\",\"publisher\":{\"@id\":\"https:\\\/\\\/resistencies.consorcimuseus.gva.es\\\/#organization\"},\"potentialAction\":[{\"@type\":\"SearchAction\",\"target\":{\"@type\":\"EntryPoint\",\"urlTemplate\":\"https:\\\/\\\/resistencies.consorcimuseus.gva.es\\\/?s={search_term_string}\"},\"query-input\":{\"@type\":\"PropertyValueSpecification\",\"valueRequired\":true,\"valueName\":\"search_term_string\"}}],\"inLanguage\":\"es\"},{\"@type\":\"Organization\",\"@id\":\"https:\\\/\\\/resistencies.consorcimuseus.gva.es\\\/#organization\",\"name\":\"Resist\u00e8ncies Art\u00edstiques - CMCV\",\"url\":\"https:\\\/\\\/resistencies.consorcimuseus.gva.es\\\/\",\"logo\":{\"@type\":\"ImageObject\",\"inLanguage\":\"es\",\"@id\":\"https:\\\/\\\/resistencies.consorcimuseus.gva.es\\\/#\\\/schema\\\/logo\\\/image\\\/\",\"url\":\"https:\\\/\\\/resistencies.consorcimuseus.gva.es\\\/wp-content\\\/uploads\\\/2020\\\/03\\\/logo-consorci-museus.jpg\",\"contentUrl\":\"https:\\\/\\\/resistencies.consorcimuseus.gva.es\\\/wp-content\\\/uploads\\\/2020\\\/03\\\/logo-consorci-museus.jpg\",\"width\":122,\"height\":108,\"caption\":\"Resist\u00e8ncies Art\u00edstiques - CMCV\"},\"image\":{\"@id\":\"https:\\\/\\\/resistencies.consorcimuseus.gva.es\\\/#\\\/schema\\\/logo\\\/image\\\/\"}},{\"@type\":\"Person\",\"@id\":\"https:\\\/\\\/resistencies.consorcimuseus.gva.es\\\/#\\\/schema\\\/person\\\/a225775d4711c439879bd4d972b8d96d\",\"name\":\"Resist\u00e8ncies Art\u00edstiques CMCV\",\"image\":{\"@type\":\"ImageObject\",\"inLanguage\":\"es\",\"@id\":\"https:\\\/\\\/secure.gravatar.com\\\/avatar\\\/cb2ad6006baf46a81edf30a56e5d8362f7e38d36c7e16f6792919ef755e23ebc?s=96&d=mm&r=g\",\"url\":\"https:\\\/\\\/secure.gravatar.com\\\/avatar\\\/cb2ad6006baf46a81edf30a56e5d8362f7e38d36c7e16f6792919ef755e23ebc?s=96&d=mm&r=g\",\"contentUrl\":\"https:\\\/\\\/secure.gravatar.com\\\/avatar\\\/cb2ad6006baf46a81edf30a56e5d8362f7e38d36c7e16f6792919ef755e23ebc?s=96&d=mm&r=g\",\"caption\":\"Resist\u00e8ncies Art\u00edstiques CMCV\"}}]}<\/script>\n<!-- \/ Yoast SEO plugin. -->","yoast_head_json":{"title":"Aula Kine - Resist\u00e8ncies Art\u00edstiques CMCV","robots":{"index":"index","follow":"follow","max-snippet":"max-snippet:-1","max-image-preview":"max-image-preview:large","max-video-preview":"max-video-preview:-1"},"canonical":"https:\/\/resistencies.consorcimuseus.gva.es\/es\/aula-kine\/","og_locale":"es_ES","og_type":"article","og_title":"Aula Kine - Resist\u00e8ncies Art\u00edstiques CMCV","og_description":"[vc_row][vc_column][vc_separator color=\u00bbblack\u00bb border_width=\u00bb2&#8243;][\/vc_column][\/vc_row][vc_row][vc_column][vc_row_inner el_class=\u00bbfila-contenido-prj\u00bb][vc_column_inner el_class=\u00bb-col-titulo-info-proyecto\u00bb width=\u00bb1\/6&#8243;][vc_column_text]Convocat\u00f2ria:[\/vc_column_text][\/vc_column_inner][vc_column_inner width=\u00bb5\/6&#8243;][vc_column_text]2021-2022 [\/vc_column_text][\/vc_column_inner][\/vc_row_inner][vc_row_inner el_class=\u00bbfila-contenido-prj\u00bb][vc_column_inner el_class=\u00bb-col-titulo-info-proyecto\u00bb width=\u00bb1\/6&#8243;][vc_column_text]Conceptes clau:[\/vc_column_text][\/vc_column_inner][vc_column_inner width=\u00bb5\/6&#8243;][vc_column_text]Arte interactivo, danza contempor\u00e1nea, procesos de creaci\u00f3n art\u00edstica, creaci\u00f3n digital, interdisciplinariedad y trabajo colaborativo, interacci\u00f3n entre danza, m\u00fasica y visuales, innovaci\u00f3n art\u00edstica, metodolog\u00eda investigativa y basada en proyectos, comunidad de aprendizaje[\/vc_column_text][\/vc_column_inner][\/vc_row_inner][vc_row_inner el_class=\u00bbfila-contenido-prj\u00bb][vc_column_inner el_class=\u00bb-col-titulo-info-proyecto\u00bb width=\u00bb1\/6&#8243;][vc_column_text]Nivell educatiu:[\/vc_column_text][\/vc_column_inner][vc_column_inner width=\u00bb5\/6&#8243;][vc_column_text]Primaria[\/vc_column_text][\/vc_column_inner][\/vc_row_inner][vc_row_inner el_class=\u00bbfila-contenido-prj\u00bb][vc_column_inner el_class=\u00bb-col-titulo-info-proyecto\u00bb width=\u00bb1\/6&#8243;][vc_column_text]T\u00edtol projecte:[\/vc_column_text][\/vc_column_inner][vc_column_inner width=\u00bb5\/6&#8243;][vc_column_text]Aula Kine[\/vc_column_text][\/vc_column_inner][\/vc_row_inner][vc_row_inner el_class=\u00bbfila-contenido-prj\u00bb][vc_column_inner&hellip;","og_url":"https:\/\/resistencies.consorcimuseus.gva.es\/es\/aula-kine\/","og_site_name":"Resist\u00e8ncies Art\u00edstiques CMCV","article_published_time":"2023-04-21T10:51:13+00:00","og_image":[{"width":1000,"height":667,"url":"https:\/\/resistencies.consorcimuseus.gva.es\/wp-content\/uploads\/2023\/04\/afs-1.jpg","type":"image\/jpeg"}],"author":"Resist\u00e8ncies Art\u00edstiques CMCV","twitter_card":"summary_large_image","twitter_misc":{"Escrito por":"Resist\u00e8ncies Art\u00edstiques CMCV","Tiempo de lectura":"3 minutos"},"schema":{"@context":"https:\/\/schema.org","@graph":[{"@type":"Article","@id":"https:\/\/resistencies.consorcimuseus.gva.es\/es\/aula-kine\/#article","isPartOf":{"@id":"https:\/\/resistencies.consorcimuseus.gva.es\/es\/aula-kine\/"},"author":{"name":"Resist\u00e8ncies Art\u00edstiques CMCV","@id":"https:\/\/resistencies.consorcimuseus.gva.es\/#\/schema\/person\/a225775d4711c439879bd4d972b8d96d"},"headline":"Aula Kine","datePublished":"2023-04-21T10:51:13+00:00","mainEntityOfPage":{"@id":"https:\/\/resistencies.consorcimuseus.gva.es\/es\/aula-kine\/"},"wordCount":1441,"publisher":{"@id":"https:\/\/resistencies.consorcimuseus.gva.es\/#organization"},"image":{"@id":"https:\/\/resistencies.consorcimuseus.gva.es\/es\/aula-kine\/#primaryimage"},"thumbnailUrl":"https:\/\/resistencies.consorcimuseus.gva.es\/wp-content\/uploads\/2023\/04\/afs-1.jpg","keywords":["2021-2022","Alicante","Primaria"],"articleSection":["En red","Paisajes Sensoriales","Saberes Otros"],"inLanguage":"es"},{"@type":"WebPage","@id":"https:\/\/resistencies.consorcimuseus.gva.es\/es\/aula-kine\/","url":"https:\/\/resistencies.consorcimuseus.gva.es\/es\/aula-kine\/","name":"Aula Kine - Resist\u00e8ncies Art\u00edstiques CMCV","isPartOf":{"@id":"https:\/\/resistencies.consorcimuseus.gva.es\/#website"},"primaryImageOfPage":{"@id":"https:\/\/resistencies.consorcimuseus.gva.es\/es\/aula-kine\/#primaryimage"},"image":{"@id":"https:\/\/resistencies.consorcimuseus.gva.es\/es\/aula-kine\/#primaryimage"},"thumbnailUrl":"https:\/\/resistencies.consorcimuseus.gva.es\/wp-content\/uploads\/2023\/04\/afs-1.jpg","datePublished":"2023-04-21T10:51:13+00:00","breadcrumb":{"@id":"https:\/\/resistencies.consorcimuseus.gva.es\/es\/aula-kine\/#breadcrumb"},"inLanguage":"es","potentialAction":[{"@type":"ReadAction","target":["https:\/\/resistencies.consorcimuseus.gva.es\/es\/aula-kine\/"]}]},{"@type":"ImageObject","inLanguage":"es","@id":"https:\/\/resistencies.consorcimuseus.gva.es\/es\/aula-kine\/#primaryimage","url":"https:\/\/resistencies.consorcimuseus.gva.es\/wp-content\/uploads\/2023\/04\/afs-1.jpg","contentUrl":"https:\/\/resistencies.consorcimuseus.gva.es\/wp-content\/uploads\/2023\/04\/afs-1.jpg","width":1000,"height":667},{"@type":"BreadcrumbList","@id":"https:\/\/resistencies.consorcimuseus.gva.es\/es\/aula-kine\/#breadcrumb","itemListElement":[{"@type":"ListItem","position":1,"name":"Inici","item":"https:\/\/resistencies.consorcimuseus.gva.es\/es\/"},{"@type":"ListItem","position":2,"name":"Aula Kine"}]},{"@type":"WebSite","@id":"https:\/\/resistencies.consorcimuseus.gva.es\/#website","url":"https:\/\/resistencies.consorcimuseus.gva.es\/","name":"Resist\u00e8ncies Art\u00edstiques CMCV","description":"","publisher":{"@id":"https:\/\/resistencies.consorcimuseus.gva.es\/#organization"},"potentialAction":[{"@type":"SearchAction","target":{"@type":"EntryPoint","urlTemplate":"https:\/\/resistencies.consorcimuseus.gva.es\/?s={search_term_string}"},"query-input":{"@type":"PropertyValueSpecification","valueRequired":true,"valueName":"search_term_string"}}],"inLanguage":"es"},{"@type":"Organization","@id":"https:\/\/resistencies.consorcimuseus.gva.es\/#organization","name":"Resist\u00e8ncies Art\u00edstiques - CMCV","url":"https:\/\/resistencies.consorcimuseus.gva.es\/","logo":{"@type":"ImageObject","inLanguage":"es","@id":"https:\/\/resistencies.consorcimuseus.gva.es\/#\/schema\/logo\/image\/","url":"https:\/\/resistencies.consorcimuseus.gva.es\/wp-content\/uploads\/2020\/03\/logo-consorci-museus.jpg","contentUrl":"https:\/\/resistencies.consorcimuseus.gva.es\/wp-content\/uploads\/2020\/03\/logo-consorci-museus.jpg","width":122,"height":108,"caption":"Resist\u00e8ncies Art\u00edstiques - CMCV"},"image":{"@id":"https:\/\/resistencies.consorcimuseus.gva.es\/#\/schema\/logo\/image\/"}},{"@type":"Person","@id":"https:\/\/resistencies.consorcimuseus.gva.es\/#\/schema\/person\/a225775d4711c439879bd4d972b8d96d","name":"Resist\u00e8ncies Art\u00edstiques CMCV","image":{"@type":"ImageObject","inLanguage":"es","@id":"https:\/\/secure.gravatar.com\/avatar\/cb2ad6006baf46a81edf30a56e5d8362f7e38d36c7e16f6792919ef755e23ebc?s=96&d=mm&r=g","url":"https:\/\/secure.gravatar.com\/avatar\/cb2ad6006baf46a81edf30a56e5d8362f7e38d36c7e16f6792919ef755e23ebc?s=96&d=mm&r=g","contentUrl":"https:\/\/secure.gravatar.com\/avatar\/cb2ad6006baf46a81edf30a56e5d8362f7e38d36c7e16f6792919ef755e23ebc?s=96&d=mm&r=g","caption":"Resist\u00e8ncies Art\u00edstiques CMCV"}}]}},"_links":{"self":[{"href":"https:\/\/resistencies.consorcimuseus.gva.es\/es\/wp-json\/wp\/v2\/posts\/3014","targetHints":{"allow":["GET"]}}],"collection":[{"href":"https:\/\/resistencies.consorcimuseus.gva.es\/es\/wp-json\/wp\/v2\/posts"}],"about":[{"href":"https:\/\/resistencies.consorcimuseus.gva.es\/es\/wp-json\/wp\/v2\/types\/post"}],"author":[{"embeddable":true,"href":"https:\/\/resistencies.consorcimuseus.gva.es\/es\/wp-json\/wp\/v2\/users\/3"}],"replies":[{"embeddable":true,"href":"https:\/\/resistencies.consorcimuseus.gva.es\/es\/wp-json\/wp\/v2\/comments?post=3014"}],"version-history":[{"count":0,"href":"https:\/\/resistencies.consorcimuseus.gva.es\/es\/wp-json\/wp\/v2\/posts\/3014\/revisions"}],"wp:featuredmedia":[{"embeddable":true,"href":"https:\/\/resistencies.consorcimuseus.gva.es\/es\/wp-json\/wp\/v2\/media\/3009"}],"wp:attachment":[{"href":"https:\/\/resistencies.consorcimuseus.gva.es\/es\/wp-json\/wp\/v2\/media?parent=3014"}],"wp:term":[{"taxonomy":"category","embeddable":true,"href":"https:\/\/resistencies.consorcimuseus.gva.es\/es\/wp-json\/wp\/v2\/categories?post=3014"},{"taxonomy":"post_tag","embeddable":true,"href":"https:\/\/resistencies.consorcimuseus.gva.es\/es\/wp-json\/wp\/v2\/tags?post=3014"}],"curies":[{"name":"wp","href":"https:\/\/api.w.org\/{rel}","templated":true}]}}