{"id":3257,"date":"2023-05-25T13:55:24","date_gmt":"2023-05-25T11:55:24","guid":{"rendered":"https:\/\/resistencies.consorcimuseus.gva.es\/?p=3257"},"modified":"2023-05-25T13:55:24","modified_gmt":"2023-05-25T11:55:24","slug":"fan-que-un-fanzine-col%c2%b7lectiu-en-imatges","status":"publish","type":"post","link":"https:\/\/resistencies.consorcimuseus.gva.es\/es\/fan-que-un-fanzine-col%c2%b7lectiu-en-imatges\/","title":{"rendered":"Fan-Qu\u00e8? Un fanzine col\u00b7lectiu en imatges"},"content":{"rendered":"<div class=\"wpb-content-wrapper\"><p>[vc_row][vc_column][vc_separator color=\u00bbblack\u00bb border_width=\u00bb2&#8243;][\/vc_column][\/vc_row][vc_row][vc_column][vc_row_inner el_class=\u00bbfila-contenido-prj\u00bb][vc_column_inner el_class=\u00bb-col-titulo-info-proyecto\u00bb width=\u00bb1\/6&#8243;][vc_column_text]<strong>Convocatoria:<\/strong>[\/vc_column_text][\/vc_column_inner][vc_column_inner width=\u00bb5\/6&#8243;][vc_column_text]2022-2023[\/vc_column_text][\/vc_column_inner][\/vc_row_inner][vc_row_inner el_class=\u00bbfila-contenido-prj\u00bb][vc_column_inner el_class=\u00bb-col-titulo-info-proyecto\u00bb width=\u00bb1\/6&#8243;][vc_column_text]<strong>Conceptos clave:<\/strong>[\/vc_column_text][\/vc_column_inner][vc_column_inner width=\u00bb5\/6&#8243;][vc_column_text]Fanzine, creaci\u00f3n colectiva, experimentaci\u00f3n, collage, expresi\u00f3n de las emociones, conocimiento propio[\/vc_column_text][\/vc_column_inner][\/vc_row_inner][vc_row_inner el_class=\u00bbfila-contenido-prj\u00bb][vc_column_inner el_class=\u00bb-col-titulo-info-proyecto\u00bb width=\u00bb1\/6&#8243;][vc_column_text]<strong>Nivel educativo:<\/strong>[\/vc_column_text][\/vc_column_inner][vc_column_inner width=\u00bb5\/6&#8243;][vc_column_text]Infantil y Primaria[\/vc_column_text][\/vc_column_inner][\/vc_row_inner][vc_row_inner el_class=\u00bbfila-contenido-prj\u00bb][vc_column_inner el_class=\u00bb-col-titulo-info-proyecto\u00bb width=\u00bb1\/6&#8243;][vc_column_text]<strong>T\u00edtulo proyecto:<\/strong>[\/vc_column_text][\/vc_column_inner][vc_column_inner width=\u00bb5\/6&#8243;][vc_column_text]Fan-Qu\u00e8? Un fanzine col\u00b7lectiu en imatges[\/vc_column_text][\/vc_column_inner][\/vc_row_inner][vc_row_inner el_class=\u00bbfila-contenido-prj\u00bb][vc_column_inner el_class=\u00bb-col-titulo-info-proyecto\u00bb width=\u00bb1\/6&#8243;][vc_column_text]<strong>Artista\/s:<\/strong>[\/vc_column_text][\/vc_column_inner][vc_column_inner width=\u00bb5\/6&#8243;][vc_column_text]<\/p>\n<div class=\"breadcrumbs\">\n<div class=\"breadcrumbs\"><span class=\"hola\"><span class=\"hola\">Marta P\u00e9rez Civera (VA! Asociaci\u00f3n Cultural y de Promoci\u00f3n de las Artes Visuales)<\/span><\/span><\/div>\n<\/div>\n<p>[\/vc_column_text][\/vc_column_inner][\/vc_row_inner][vc_row_inner el_class=\u00bbfila-contenido-prj\u00bb][vc_column_inner el_class=\u00bb-col-titulo-info-proyecto\u00bb width=\u00bb1\/6&#8243;][vc_column_text]<strong>Maestro\/a:<\/strong>[\/vc_column_text][\/vc_column_inner][vc_column_inner width=\u00bb5\/6&#8243;][vc_column_text]<span class=\"TextRun SCXW100714708 BCX0\" lang=\"CA-ES\" xml:lang=\"CA-ES\" data-contrast=\"auto\"><span class=\"NormalTextRun SCXW100714708 BCX0\">Carlos \u00c1lvarez Tudela\u00a0<\/span><\/span>[\/vc_column_text][\/vc_column_inner][\/vc_row_inner][vc_row_inner el_class=\u00bbfila-contenido-prj\u00bb][vc_column_inner el_class=\u00bb-col-titulo-info-proyecto\u00bb width=\u00bb1\/6&#8243;][vc_column_text]<strong>Nombre del centro:<\/strong>[\/vc_column_text][\/vc_column_inner][vc_column_inner width=\u00bb5\/6&#8243;][vc_column_text]CEIP Pintor Estruch[\/vc_column_text][\/vc_column_inner][\/vc_row_inner][vc_row_inner el_class=\u00bbfila-contenido-prj\u00bb][vc_column_inner el_class=\u00bb-col-titulo-info-proyecto\u00bb width=\u00bb1\/6&#8243;][vc_column_text]<strong>Poblaci\u00f3n:<\/strong>[\/vc_column_text][\/vc_column_inner][vc_column_inner width=\u00bb5\/6&#8243;][vc_column_text]Manuel, Val\u00e8ncia[\/vc_column_text][\/vc_column_inner][\/vc_row_inner][vc_empty_space height=\u00bb15px\u00bb][\/vc_column][\/vc_row][vc_row][vc_column][vc_separator color=\u00bbblack\u00bb border_width=\u00bb2&#8243;][\/vc_column][\/vc_row][vc_row][vc_column][vc_row_inner el_class=\u00bbfila-contenido-prj\u00bb][vc_column_inner el_class=\u00bb-col-titulo-info-proyecto\u00bb width=\u00bb1\/6&#8243;][vc_column_text]<strong>Resumen proyecto:<\/strong>[\/vc_column_text][\/vc_column_inner][vc_column_inner width=\u00bb5\/6&#8243;][vc_column_text]El proyecto\u00a0<strong>\u2018Fan-qu\u00e8? Un fanzine col\u00b7lectiu en imatges\u2019<\/strong>\u00a0propone la realizaci\u00f3n de un fanzine como herramienta de creaci\u00f3n colectiva a trav\u00e9s de la cual promover la reflexi\u00f3n de las y los j\u00f3venes sobre el uso actual de la imagen.<\/p>\n<p>Mediante la utilizaci\u00f3n de esta herramienta y del collage, la propuesta pretende generar un espacio donde tratar temas, relacionados con el contexto del centro educativo, que interesen a los mismos protagonistas, con la intenci\u00f3n de darles voz y facilitar su participaci\u00f3n como agentes activos en la sociedad. De este modo, el proyecto se plantea como un espacio de juego para experimentar con la creatividad, una manera de compartir ideas, pensamientos y sentimientos con el resto del mundo, y una arma de apoderamiento individual y grupal.<\/p>\n<p>En un mundo donde la comunicaci\u00f3n de manera visual, el proyecto, dirigido al alumnado del tercer ciclo de primaria, puede facilitar la comprensi\u00f3n y reflexi\u00f3n sobre la informaci\u00f3n que reciben y producen. El fanzine, utilizado hist\u00f3ricamente para expresarse de forma no convencional, fuera de los medios de masas, permite desarrollar la capacidad cr\u00edtica en la hora de expresarse y relacionarse con los otros. El uso del arte contempor\u00e1neo como herramienta educativa en esta etapa, facilita la adquisici\u00f3n de conocimientos art\u00edstico-pl\u00e1sticos, a la vez que promueve valores de respeto, tolerancia, igualdad y empat\u00eda.<\/p>\n<p>El proyecto est\u00e1 dividido en tres bloques, en los cuales se trabajar\u00e1n los diferentes aspectos para la creaci\u00f3n del fanzine: historia del fanzine y an\u00e1lisis de material gr\u00e1fico, t\u00e9cnicas art\u00edsticas (collage) y sus posibilidades expresivas, y la puesta en com\u00fan dentro del propio grupo y con el resto de agentes sociales (educativos, culturales, familiares).[\/vc_column_text][\/vc_column_inner][\/vc_row_inner][vc_row_inner el_class=\u00bbfila-contenido-prj\u00bb][vc_column_inner el_class=\u00bb-col-titulo-info-proyecto\u00bb width=\u00bb1\/6&#8243;][vc_column_text]<strong>Web:<\/strong>[\/vc_column_text][\/vc_column_inner][vc_column_inner width=\u00bb5\/6&#8243;][vc_column_text]<a href=\"https:\/\/revistava.es\/\">https:\/\/revistava.es\/<\/a>[\/vc_column_text][\/vc_column_inner][\/vc_row_inner][vc_row_inner el_class=\u00bbfila-contenido-prj\u00bb][vc_column_inner el_class=\u00bb-col-titulo-info-proyecto\u00bb width=\u00bb1\/6&#8243;][vc_column_text]<strong>Redes sociales:<\/strong>[\/vc_column_text][\/vc_column_inner][vc_column_inner width=\u00bb5\/6&#8243;]<style type=\"text\/css\" data-type=\"the7_shortcodes-inline-css\">.dt-shortcode-soc-icons.soc-icons-ee5f98c060ba5f8d9bd732d23d07248b a {\n  margin-right: 6px;\n}\n.dt-shortcode-soc-icons a.soc-icons-ee5f98c060ba5f8d9bd732d23d07248b {\n  margin-right: 6px;\n}\n.dt-shortcode-soc-icons a.soc-icons-ee5f98c060ba5f8d9bd732d23d07248b:last-child {\n  margin-right: 0;\n}\n.dt-shortcode-soc-icons a.soc-icons-ee5f98c060ba5f8d9bd732d23d07248b:before,\n.dt-shortcode-soc-icons a.soc-icons-ee5f98c060ba5f8d9bd732d23d07248b:after {\n  padding: inherit;\n}\n.dt-shortcode-soc-icons a.soc-icons-ee5f98c060ba5f8d9bd732d23d07248b.dt-icon-border-on:before {\n  border:  solid ;\n}\n.dt-shortcode-soc-icons a.soc-icons-ee5f98c060ba5f8d9bd732d23d07248b.dt-icon-hover-border-on:after {\n  border:  solid ;\n}<\/style><div class=\"dt-shortcode-soc-icons  soc-icons-ee5f98c060ba5f8d9bd732d23d07248b soc-icons-left \" ><style type=\"text\/css\" data-type=\"the7_shortcodes-inline-css\">.dt-shortcode-soc-icons a.single-soc-icon-ac34be886bde0d98d91ea96fa9b32945 {\n  min-width: 28px;\n  min-height: 28px;\n  font-size: 18px;\n  border-radius: 100px;\n}\n.dt-shortcode-soc-icons a.single-soc-icon-ac34be886bde0d98d91ea96fa9b32945:last-child {\n  margin-right: 0;\n}\n.dt-shortcode-soc-icons a.single-soc-icon-ac34be886bde0d98d91ea96fa9b32945:before,\n.dt-shortcode-soc-icons a.single-soc-icon-ac34be886bde0d98d91ea96fa9b32945:after {\n  min-width: 28px;\n  min-height: 28px;\n  padding: inherit;\n}\n#page .dt-shortcode-soc-icons a.single-soc-icon-ac34be886bde0d98d91ea96fa9b32945.dt-icon-bg-on:before,\n#phantom .dt-shortcode-soc-icons a.single-soc-icon-ac34be886bde0d98d91ea96fa9b32945.dt-icon-bg-on:before {\n  background: #ffffff;\n}\n.dt-shortcode-soc-icons a.single-soc-icon-ac34be886bde0d98d91ea96fa9b32945.dt-icon-border-on:before {\n  border: 1px solid #000000;\n}\n.dt-shortcode-soc-icons a.single-soc-icon-ac34be886bde0d98d91ea96fa9b32945.dt-icon-hover-border-on:after {\n  border: 1px solid #000000;\n}\n.dt-shortcode-soc-icons a.single-soc-icon-ac34be886bde0d98d91ea96fa9b32945:hover {\n  font-size: 18px;\n}\n#page .dt-shortcode-soc-icons a.single-soc-icon-ac34be886bde0d98d91ea96fa9b32945:hover .soc-font-icon,\n#phantom .dt-shortcode-soc-icons a.single-soc-icon-ac34be886bde0d98d91ea96fa9b32945:hover .soc-font-icon,\n#page .dt-shortcode-soc-icons a.single-soc-icon-ac34be886bde0d98d91ea96fa9b32945:hover .soc-icon,\n#phantom .dt-shortcode-soc-icons a.single-soc-icon-ac34be886bde0d98d91ea96fa9b32945:hover .soc-icon {\n  color: #ffffff;\n  background: none;\n}\n#page .dt-shortcode-soc-icons a.single-soc-icon-ac34be886bde0d98d91ea96fa9b32945.dt-icon-hover-bg-on:after,\n#phantom .dt-shortcode-soc-icons a.single-soc-icon-ac34be886bde0d98d91ea96fa9b32945.dt-icon-hover-bg-on:after {\n  background: #000000;\n}\n#page .dt-shortcode-soc-icons a.single-soc-icon-ac34be886bde0d98d91ea96fa9b32945:not(:hover) .soc-font-icon,\n#phantom .dt-shortcode-soc-icons a.single-soc-icon-ac34be886bde0d98d91ea96fa9b32945:not(:hover) .soc-font-icon,\n#page .dt-shortcode-soc-icons a.single-soc-icon-ac34be886bde0d98d91ea96fa9b32945:not(:hover) .soc-icon,\n#phantom .dt-shortcode-soc-icons a.single-soc-icon-ac34be886bde0d98d91ea96fa9b32945:not(:hover) .soc-icon {\n  color: #000000;\n  background: none;\n}\n.dt-shortcode-soc-icons a.single-soc-icon-ac34be886bde0d98d91ea96fa9b32945 .soc-font-icon,\n.dt-shortcode-soc-icons a.single-soc-icon-ac34be886bde0d98d91ea96fa9b32945 .soc-icon {\n  font-size: 18px;\n}<\/style><a title=\"Instagram\" href=\"https:\/\/www.instagram.com\/revista.va\/?hl=es\" target=\"_blank\" rel=\"nofollow\" class=\"instagram single-soc-icon-ac34be886bde0d98d91ea96fa9b32945 dt-icon-bg-on dt-icon-border-on dt-icon-hover-border-on dt-icon-hover-bg-on\"><i class=\"soc-icon soc-font-icon dt-icon-instagram\"><\/i><span class=\"screen-reader-text\">Instagram<\/span><\/a><style type=\"text\/css\" data-type=\"the7_shortcodes-inline-css\">.dt-shortcode-soc-icons a.single-soc-icon-16cae37b0dff957f58348c85338ef9d2 {\n  min-width: 28px;\n  min-height: 28px;\n  font-size: 18px;\n  border-radius: 100px;\n}\n.dt-shortcode-soc-icons a.single-soc-icon-16cae37b0dff957f58348c85338ef9d2:last-child {\n  margin-right: 0;\n}\n.dt-shortcode-soc-icons a.single-soc-icon-16cae37b0dff957f58348c85338ef9d2:before,\n.dt-shortcode-soc-icons a.single-soc-icon-16cae37b0dff957f58348c85338ef9d2:after {\n  min-width: 28px;\n  min-height: 28px;\n  padding: inherit;\n}\n#page .dt-shortcode-soc-icons a.single-soc-icon-16cae37b0dff957f58348c85338ef9d2.dt-icon-bg-on:before,\n#phantom .dt-shortcode-soc-icons a.single-soc-icon-16cae37b0dff957f58348c85338ef9d2.dt-icon-bg-on:before {\n  background: #ffffff;\n}\n.dt-shortcode-soc-icons a.single-soc-icon-16cae37b0dff957f58348c85338ef9d2.dt-icon-border-on:before {\n  border: 1px solid #000000;\n}\n.dt-shortcode-soc-icons a.single-soc-icon-16cae37b0dff957f58348c85338ef9d2.dt-icon-hover-border-on:after {\n  border: 1px solid #000000;\n}\n.dt-shortcode-soc-icons a.single-soc-icon-16cae37b0dff957f58348c85338ef9d2:hover {\n  font-size: 18px;\n}\n#page .dt-shortcode-soc-icons a.single-soc-icon-16cae37b0dff957f58348c85338ef9d2:hover .soc-font-icon,\n#phantom .dt-shortcode-soc-icons a.single-soc-icon-16cae37b0dff957f58348c85338ef9d2:hover .soc-font-icon,\n#page .dt-shortcode-soc-icons a.single-soc-icon-16cae37b0dff957f58348c85338ef9d2:hover .soc-icon,\n#phantom .dt-shortcode-soc-icons a.single-soc-icon-16cae37b0dff957f58348c85338ef9d2:hover .soc-icon {\n  color: #ffffff;\n  background: none;\n}\n#page .dt-shortcode-soc-icons a.single-soc-icon-16cae37b0dff957f58348c85338ef9d2.dt-icon-hover-bg-on:after,\n#phantom .dt-shortcode-soc-icons a.single-soc-icon-16cae37b0dff957f58348c85338ef9d2.dt-icon-hover-bg-on:after {\n  background: #000000;\n}\n#page .dt-shortcode-soc-icons a.single-soc-icon-16cae37b0dff957f58348c85338ef9d2:not(:hover) .soc-font-icon,\n#phantom .dt-shortcode-soc-icons a.single-soc-icon-16cae37b0dff957f58348c85338ef9d2:not(:hover) .soc-font-icon,\n#page .dt-shortcode-soc-icons a.single-soc-icon-16cae37b0dff957f58348c85338ef9d2:not(:hover) .soc-icon,\n#phantom .dt-shortcode-soc-icons a.single-soc-icon-16cae37b0dff957f58348c85338ef9d2:not(:hover) .soc-icon {\n  color: #000000;\n  background: none;\n}\n.dt-shortcode-soc-icons a.single-soc-icon-16cae37b0dff957f58348c85338ef9d2 .soc-font-icon,\n.dt-shortcode-soc-icons a.single-soc-icon-16cae37b0dff957f58348c85338ef9d2 .soc-icon {\n  font-size: 18px;\n}<\/style><a title=\"Instagram\" href=\"https:\/\/www.instagram.com\/martaperezcivera\/?hl=es\" target=\"_blank\" rel=\"nofollow\" class=\"instagram single-soc-icon-16cae37b0dff957f58348c85338ef9d2 dt-icon-bg-on dt-icon-border-on dt-icon-hover-border-on dt-icon-hover-bg-on\"><i class=\"soc-icon soc-font-icon dt-icon-instagram\"><\/i><span class=\"screen-reader-text\">Instagram<\/span><\/a><style type=\"text\/css\" data-type=\"the7_shortcodes-inline-css\">.dt-shortcode-soc-icons a.single-soc-icon-5d7e8312fe6a99584a7dbd1196787bb2 {\n  min-width: 28px;\n  min-height: 28px;\n  font-size: 18px;\n  border-radius: 100px;\n}\n.dt-shortcode-soc-icons a.single-soc-icon-5d7e8312fe6a99584a7dbd1196787bb2:last-child {\n  margin-right: 0;\n}\n.dt-shortcode-soc-icons a.single-soc-icon-5d7e8312fe6a99584a7dbd1196787bb2:before,\n.dt-shortcode-soc-icons a.single-soc-icon-5d7e8312fe6a99584a7dbd1196787bb2:after {\n  min-width: 28px;\n  min-height: 28px;\n  padding: inherit;\n}\n#page .dt-shortcode-soc-icons a.single-soc-icon-5d7e8312fe6a99584a7dbd1196787bb2.dt-icon-bg-on:before,\n#phantom .dt-shortcode-soc-icons a.single-soc-icon-5d7e8312fe6a99584a7dbd1196787bb2.dt-icon-bg-on:before {\n  background: #ffffff;\n}\n.dt-shortcode-soc-icons a.single-soc-icon-5d7e8312fe6a99584a7dbd1196787bb2.dt-icon-border-on:before {\n  border: 1px solid #000000;\n}\n.dt-shortcode-soc-icons a.single-soc-icon-5d7e8312fe6a99584a7dbd1196787bb2.dt-icon-hover-border-on:after {\n  border: 1px solid #000000;\n}\n.dt-shortcode-soc-icons a.single-soc-icon-5d7e8312fe6a99584a7dbd1196787bb2:hover {\n  font-size: 18px;\n}\n#page .dt-shortcode-soc-icons a.single-soc-icon-5d7e8312fe6a99584a7dbd1196787bb2:hover .soc-font-icon,\n#phantom .dt-shortcode-soc-icons a.single-soc-icon-5d7e8312fe6a99584a7dbd1196787bb2:hover .soc-font-icon,\n#page .dt-shortcode-soc-icons a.single-soc-icon-5d7e8312fe6a99584a7dbd1196787bb2:hover .soc-icon,\n#phantom .dt-shortcode-soc-icons a.single-soc-icon-5d7e8312fe6a99584a7dbd1196787bb2:hover .soc-icon {\n  color: #ffffff;\n  background: none;\n}\n#page .dt-shortcode-soc-icons a.single-soc-icon-5d7e8312fe6a99584a7dbd1196787bb2.dt-icon-hover-bg-on:after,\n#phantom .dt-shortcode-soc-icons a.single-soc-icon-5d7e8312fe6a99584a7dbd1196787bb2.dt-icon-hover-bg-on:after {\n  background: #000000;\n}\n#page .dt-shortcode-soc-icons a.single-soc-icon-5d7e8312fe6a99584a7dbd1196787bb2:not(:hover) .soc-font-icon,\n#phantom .dt-shortcode-soc-icons a.single-soc-icon-5d7e8312fe6a99584a7dbd1196787bb2:not(:hover) .soc-font-icon,\n#page .dt-shortcode-soc-icons a.single-soc-icon-5d7e8312fe6a99584a7dbd1196787bb2:not(:hover) .soc-icon,\n#phantom .dt-shortcode-soc-icons a.single-soc-icon-5d7e8312fe6a99584a7dbd1196787bb2:not(:hover) .soc-icon {\n  color: #000000;\n  background: none;\n}\n.dt-shortcode-soc-icons a.single-soc-icon-5d7e8312fe6a99584a7dbd1196787bb2 .soc-font-icon,\n.dt-shortcode-soc-icons a.single-soc-icon-5d7e8312fe6a99584a7dbd1196787bb2 .soc-icon {\n  font-size: 18px;\n}<\/style><a title=\"Instagram\" href=\"https:\/\/www.instagram.com\/projectefanque\/\" target=\"_blank\" rel=\"nofollow\" class=\"instagram single-soc-icon-5d7e8312fe6a99584a7dbd1196787bb2 dt-icon-bg-on dt-icon-border-on dt-icon-hover-border-on dt-icon-hover-bg-on\"><i class=\"soc-icon soc-font-icon dt-icon-instagram\"><\/i><span class=\"screen-reader-text\">Instagram<\/span><\/a><\/div>[\/vc_column_inner][\/vc_row_inner][vc_row_inner][vc_column_inner el_class=\u00bb-col-titulo-info-proyecto\u00bb width=\u00bb1\/6&#8243;][vc_column_text]<strong>Bio:<\/strong>[\/vc_column_text][\/vc_column_inner][vc_column_inner width=\u00bb5\/6&#8243;][vc_column_text]<strong>Marta P\u00e9rez Civera<\/strong>\u00a0es fundadora y coordinadora de los proyectos que se realizan en\u00a0<strong>VA! Asociaci\u00f3n cultural y de promoci\u00f3n de las artes visuales<\/strong>\u00a0junto a\u00a0<strong>Mar\u00eda Sainz Arandia<\/strong>\u00a0y\u00a0<strong>Pili Lid\u00f3n Campos<\/strong>.<\/p>\n<p><strong>VA!<\/strong>\u00a0es un espacio dedicado a la fotograf\u00eda contempor\u00e1nea que abarca diversas maneras de expresarse. Una de esas formas es la publicaci\u00f3n en papel de la Revista VA!, enfocada en dar difusi\u00f3n a proyectos art\u00edsticos que plantean nuevas propuestas y muestran las m\u00faltiples visiones y maneras de entender actualmente la fotograf\u00eda. Adem\u00e1s de esta publicaci\u00f3n, lleva a cabo otras actividades que incluyen: visionados de portfolios, charlas, difusi\u00f3n de trabajos fotogr\u00e1ficos en formato expositivo y audiovisual, y organizaci\u00f3n y desarrollo de talleres espec\u00edficos.<\/p>\n<p><strong>Marta P\u00e9rez Civera<\/strong>\u00a0estudi\u00f3 Dise\u00f1o de Moda y T\u00e9cnico Superior en Fotograf\u00eda Art\u00edstica en la EASD de Valencia. En sus proyectos emplea la fotograf\u00eda o el collage para expresar pensamientos, ideas, sentimientos, estados de \u00e1nimo y\/o maneras de ver el mundo. La figura femenina como protagonista de sus inquietudes se representa enfrentada en un mundo confuso. El ejercicio art\u00edstico\/pl\u00e1stico como apoyo para afrontar la realidad de la vida cotidiana. El arte como terapia para expresar con libertad su apreciaci\u00f3n personal.[\/vc_column_text][\/vc_column_inner][\/vc_row_inner][vc_empty_space height=\u00bb15px\u00bb][vc_empty_space height=\u00bb15px\u00bb][\/vc_column][\/vc_row][vc_row][vc_column][vc_separator color=\u00bbblack\u00bb border_width=\u00bb2&#8243;][\/vc_column][\/vc_row][vc_row el_class=\u00bbcontenido-proyecto\u00bb][vc_column width=\u00bb1\/6&#8243;][vc_column_text]<strong>Documentaci\u00f3n gr\u00e1fica:<\/strong>[\/vc_column_text][vc_empty_space height=\u00bb15px\u00bb][\/vc_column][vc_column width=\u00bb5\/6&#8243;]<style type=\"text\/css\" data-type=\"the7_shortcodes-inline-css\">.gallery-shortcode.gallery-masonry-shortcode-id-187f2d0526f96b67ce47c4a3450f2e40 figure,\n.gallery-shortcode.gallery-masonry-shortcode-id-187f2d0526f96b67ce47c4a3450f2e40 .rollover,\n.gallery-shortcode.gallery-masonry-shortcode-id-187f2d0526f96b67ce47c4a3450f2e40 img,\n.gallery-shortcode.gallery-masonry-shortcode-id-187f2d0526f96b67ce47c4a3450f2e40 .gallery-rollover {\n  border-radius: 0px;\n}\n.gallery-shortcode.gallery-masonry-shortcode-id-187f2d0526f96b67ce47c4a3450f2e40.enable-bg-rollover .gallery-rollover {\n  background: -webkit-linear-gradient();\n  background: linear-gradient();\n}\n.gallery-shortcode.gallery-masonry-shortcode-id-187f2d0526f96b67ce47c4a3450f2e40.enable-bg-rollover.hover-scale figure .rollover:after {\n  background: -webkit-linear-gradient();\n  background: linear-gradient();\n}\n.gallery-shortcode.gallery-masonry-shortcode-id-187f2d0526f96b67ce47c4a3450f2e40 .gallery-zoom-ico {\n  width: 44px;\n  height: 44px;\n  line-height: 44px;\n  border-radius: 100px;\n  margin: -22px 0 0 -22px;\n  border-width: 0px;\n  color: #ffffff;\n}\n.dt-icon-bg-on.gallery-shortcode.gallery-masonry-shortcode-id-187f2d0526f96b67ce47c4a3450f2e40 .gallery-zoom-ico {\n  background: rgba(255,255,255,0.3);\n  box-shadow: none;\n}\n.gallery-shortcode.gallery-masonry-shortcode-id-187f2d0526f96b67ce47c4a3450f2e40 .gallery-zoom-ico:before,\n.gallery-shortcode.gallery-masonry-shortcode-id-187f2d0526f96b67ce47c4a3450f2e40 .gallery-zoom-ico span {\n  font-size: 32px;\n  line-height: 44px;\n  color: #ffffff;\n}\n.gallery-shortcode.gallery-masonry-shortcode-id-187f2d0526f96b67ce47c4a3450f2e40:not(.resize-by-browser-width) .dt-css-grid {\n  grid-row-gap: 10px;\n  grid-column-gap: 10px;\n  grid-template-columns: repeat(auto-fill,minmax(,1fr));\n}\n.gallery-shortcode.gallery-masonry-shortcode-id-187f2d0526f96b67ce47c4a3450f2e40:not(.resize-by-browser-width) .dt-css-grid .double-width {\n  grid-column: span 2;\n}\n.cssgridlegacy.no-cssgrid .gallery-shortcode.gallery-masonry-shortcode-id-187f2d0526f96b67ce47c4a3450f2e40:not(.resize-by-browser-width) .dt-css-grid,\n.no-cssgridlegacy.no-cssgrid .gallery-shortcode.gallery-masonry-shortcode-id-187f2d0526f96b67ce47c4a3450f2e40:not(.resize-by-browser-width) .dt-css-grid {\n  display: flex;\n  flex-flow: row wrap;\n  margin: -5px;\n}\n.cssgridlegacy.no-cssgrid .gallery-shortcode.gallery-masonry-shortcode-id-187f2d0526f96b67ce47c4a3450f2e40:not(.resize-by-browser-width) .dt-css-grid .wf-cell,\n.no-cssgridlegacy.no-cssgrid .gallery-shortcode.gallery-masonry-shortcode-id-187f2d0526f96b67ce47c4a3450f2e40:not(.resize-by-browser-width) .dt-css-grid .wf-cell {\n  flex: 1 0 ;\n  max-width: 100%;\n  padding: 5px;\n  box-sizing: border-box;\n}\n.gallery-shortcode.gallery-masonry-shortcode-id-187f2d0526f96b67ce47c4a3450f2e40.resize-by-browser-width .dt-css-grid {\n  grid-template-columns: repeat(3,1fr);\n  grid-template-rows: auto;\n  grid-column-gap: 10px;\n  grid-row-gap: 10px;\n}\n.gallery-shortcode.gallery-masonry-shortcode-id-187f2d0526f96b67ce47c4a3450f2e40.resize-by-browser-width .dt-css-grid .double-width {\n  grid-column: span 2;\n}\n.cssgridlegacy.no-cssgrid .gallery-shortcode.gallery-masonry-shortcode-id-187f2d0526f96b67ce47c4a3450f2e40.resize-by-browser-width .dt-css-grid {\n  margin: -5px;\n}\n.cssgridlegacy.no-cssgrid .gallery-shortcode.gallery-masonry-shortcode-id-187f2d0526f96b67ce47c4a3450f2e40.resize-by-browser-width .dt-css-grid .wf-cell {\n  width: 33.333333333333%;\n  padding: 5px;\n}\n.cssgridlegacy.no-cssgrid .gallery-shortcode.gallery-masonry-shortcode-id-187f2d0526f96b67ce47c4a3450f2e40.resize-by-browser-width .dt-css-grid .wf-cell.double-width {\n  width: calc(33.333333333333%) * 2;\n}\n.gallery-shortcode.gallery-masonry-shortcode-id-187f2d0526f96b67ce47c4a3450f2e40.resize-by-browser-width:not(.centered-layout-list):not(.content-bg-on) .dt-css-grid {\n  grid-row-gap: 10px - ;\n}\n@media screen and (max-width: 1199px) {\n  .gallery-shortcode.gallery-masonry-shortcode-id-187f2d0526f96b67ce47c4a3450f2e40.resize-by-browser-width .dt-css-grid {\n    grid-template-columns: repeat(3,1fr);\n  }\n  .cssgridlegacy.no-cssgrid .gallery-shortcode.gallery-masonry-shortcode-id-187f2d0526f96b67ce47c4a3450f2e40.resize-by-browser-width .dt-css-grid .wf-cell,\n  .no-cssgridlegacy.no-cssgrid .gallery-shortcode.gallery-masonry-shortcode-id-187f2d0526f96b67ce47c4a3450f2e40.resize-by-browser-width .dt-css-grid .wf-cell {\n    width: 33.333333333333%;\n  }\n  .cssgridlegacy.no-cssgrid .gallery-shortcode.gallery-masonry-shortcode-id-187f2d0526f96b67ce47c4a3450f2e40.resize-by-browser-width .dt-css-grid .wf-cell.double-width,\n  .no-cssgridlegacy.no-cssgrid .gallery-shortcode.gallery-masonry-shortcode-id-187f2d0526f96b67ce47c4a3450f2e40.resize-by-browser-width .dt-css-grid .wf-cell.double-width {\n    width: calc(33.333333333333%)*2;\n  }\n}\n@media screen and (max-width: 991px) {\n  .gallery-shortcode.gallery-masonry-shortcode-id-187f2d0526f96b67ce47c4a3450f2e40.resize-by-browser-width .dt-css-grid {\n    grid-template-columns: repeat(2,1fr);\n  }\n  .cssgridlegacy.no-cssgrid .gallery-shortcode.gallery-masonry-shortcode-id-187f2d0526f96b67ce47c4a3450f2e40.resize-by-browser-width .dt-css-grid .wf-cell,\n  .no-cssgridlegacy.no-cssgrid .gallery-shortcode.gallery-masonry-shortcode-id-187f2d0526f96b67ce47c4a3450f2e40.resize-by-browser-width .dt-css-grid .wf-cell {\n    width: 50%;\n  }\n  .cssgridlegacy.no-cssgrid .gallery-shortcode.gallery-masonry-shortcode-id-187f2d0526f96b67ce47c4a3450f2e40.resize-by-browser-width .dt-css-grid .wf-cell.double-width,\n  .no-cssgridlegacy.no-cssgrid .gallery-shortcode.gallery-masonry-shortcode-id-187f2d0526f96b67ce47c4a3450f2e40.resize-by-browser-width .dt-css-grid .wf-cell.double-width {\n    width: calc(50%)*2;\n  }\n}\n@media screen and (max-width: 767px) {\n  .gallery-shortcode.gallery-masonry-shortcode-id-187f2d0526f96b67ce47c4a3450f2e40.resize-by-browser-width .dt-css-grid {\n    grid-template-columns: repeat(1,1fr);\n  }\n  .cssgridlegacy.no-cssgrid .gallery-shortcode.gallery-masonry-shortcode-id-187f2d0526f96b67ce47c4a3450f2e40.resize-by-browser-width .dt-css-grid .wf-cell,\n  .no-cssgridlegacy.no-cssgrid .gallery-shortcode.gallery-masonry-shortcode-id-187f2d0526f96b67ce47c4a3450f2e40.resize-by-browser-width .dt-css-grid .wf-cell {\n    width: 100%;\n  }\n  .cssgridlegacy.no-cssgrid .gallery-shortcode.gallery-masonry-shortcode-id-187f2d0526f96b67ce47c4a3450f2e40.resize-by-browser-width .dt-css-grid .wf-cell.double-width,\n  .no-cssgridlegacy.no-cssgrid .gallery-shortcode.gallery-masonry-shortcode-id-187f2d0526f96b67ce47c4a3450f2e40.resize-by-browser-width .dt-css-grid .wf-cell.double-width {\n    width: calc(100%)*2;\n  }\n}<\/style><div class=\"gallery-shortcode dt-gallery-container gallery-masonry-shortcode-id-187f2d0526f96b67ce47c4a3450f2e40 mode-masonry jquery-filter dt-icon-bg-off quick-scale-img enable-bg-rollover resize-by-browser-width  hover-fade loading-effect-none description-on-hover\" data-padding=\"5px\" data-cur-page=\"1\" data-post-limit=\"-1\" data-pagination-mode=\"none\" data-desktop-columns-num=\"3\" data-v-tablet-columns-num=\"2\" data-h-tablet-columns-num=\"3\" data-phone-columns-num=\"1\" data-width=\"0px\" data-columns=\"0\"><div class=\"iso-container\" ><div class=\"wf-cell iso-item\" data-post-id=\"3247\" data-date=\"2023-05-25T09:59:00+02:00\" data-name=\"4-1-1024x1024\"><figure class=\"post visible\"><a href=\"https:\/\/resistencies.consorcimuseus.gva.es\/wp-content\/uploads\/2023\/05\/4-1-1024x1024-1.jpg\" class=\"rollover dt-pswp-item layzr-bg\" data-large_image_width=\"1024\" data-large_image_height=\"1024\" data-dt-img-description=\"\" title=\"4-1-1024&#215;1024\"><img fetchpriority=\"high\" decoding=\"async\" class=\"preload-me iso-lazy-load aspect\" src=\"data:image\/svg+xml,%3Csvg%20xmlns%3D&#39;http%3A%2F%2Fwww.w3.org%2F2000%2Fsvg&#39;%20viewBox%3D&#39;0%200%20768%20576&#39;%2F%3E\" data-src=\"https:\/\/resistencies.consorcimuseus.gva.es\/wp-content\/uploads\/2023\/05\/4-1-1024x1024-1-768x576.jpg\" data-srcset=\"https:\/\/resistencies.consorcimuseus.gva.es\/wp-content\/uploads\/2023\/05\/4-1-1024x1024-1-768x576.jpg 768w, https:\/\/resistencies.consorcimuseus.gva.es\/wp-content\/uploads\/2023\/05\/4-1-1024x1024-1-1024x768.jpg 1024w\" loading=\"eager\" style=\"--ratio: 768 \/ 576\" sizes=\"(max-width: 768px) 100vw, 768px\" alt=\"\" width=\"768\" height=\"576\"  \/><span class=\"gallery-rollover\"><span class=\"gallery-zoom-ico icomoon-the7-font-the7-zoom-06\"><span><\/span><\/span><\/span><\/a><\/figure><\/div><div class=\"wf-cell iso-item\" data-post-id=\"3249\" data-date=\"2023-05-25T09:59:03+02:00\" data-name=\"Fan-qu\u00e8-U-fanzine-collectiu-en-imatges-1-1024x683 (1)\"><figure class=\"post visible\"><a href=\"https:\/\/resistencies.consorcimuseus.gva.es\/wp-content\/uploads\/2023\/05\/Fan-que-U-fanzine-collectiu-en-imatges-1-1024x683-1.jpg\" class=\"rollover dt-pswp-item layzr-bg\" data-large_image_width=\"1024\" data-large_image_height=\"683\" data-dt-img-description=\"\" title=\"Fan-qu\u00e8-U-fanzine-collectiu-en-imatges-1-1024&#215;683 (1)\"><img decoding=\"async\" class=\"preload-me iso-lazy-load aspect\" src=\"data:image\/svg+xml,%3Csvg%20xmlns%3D&#39;http%3A%2F%2Fwww.w3.org%2F2000%2Fsvg&#39;%20viewBox%3D&#39;0%200%20768%20576&#39;%2F%3E\" data-src=\"https:\/\/resistencies.consorcimuseus.gva.es\/wp-content\/uploads\/2023\/05\/Fan-que-U-fanzine-collectiu-en-imatges-1-1024x683-1-768x576.jpg\" data-srcset=\"https:\/\/resistencies.consorcimuseus.gva.es\/wp-content\/uploads\/2023\/05\/Fan-que-U-fanzine-collectiu-en-imatges-1-1024x683-1-768x576.jpg 768w, https:\/\/resistencies.consorcimuseus.gva.es\/wp-content\/uploads\/2023\/05\/Fan-que-U-fanzine-collectiu-en-imatges-1-1024x683-1-910x683.jpg 910w\" loading=\"eager\" style=\"--ratio: 768 \/ 576\" sizes=\"(max-width: 768px) 100vw, 768px\" alt=\"\" width=\"768\" height=\"576\"  \/><span class=\"gallery-rollover\"><span class=\"gallery-zoom-ico icomoon-the7-font-the7-zoom-06\"><span><\/span><\/span><\/span><\/a><\/figure><\/div><div class=\"wf-cell iso-item\" data-post-id=\"3251\" data-date=\"2023-05-25T09:59:06+02:00\" data-name=\"Fan-qu\u00e8-Un-fanzine-collectiu-en-imatges-4-972x1024\"><figure class=\"post visible\"><a href=\"https:\/\/resistencies.consorcimuseus.gva.es\/wp-content\/uploads\/2023\/05\/Fan-que-Un-fanzine-collectiu-en-imatges-4-972x1024-1.jpg\" class=\"rollover dt-pswp-item layzr-bg\" data-large_image_width=\"972\" data-large_image_height=\"1024\" data-dt-img-description=\"\" title=\"Fan-qu\u00e8-Un-fanzine-collectiu-en-imatges-4-972&#215;1024\"><img decoding=\"async\" class=\"preload-me iso-lazy-load aspect\" src=\"data:image\/svg+xml,%3Csvg%20xmlns%3D&#39;http%3A%2F%2Fwww.w3.org%2F2000%2Fsvg&#39;%20viewBox%3D&#39;0%200%20768%20576&#39;%2F%3E\" data-src=\"https:\/\/resistencies.consorcimuseus.gva.es\/wp-content\/uploads\/2023\/05\/Fan-que-Un-fanzine-collectiu-en-imatges-4-972x1024-1-768x576.jpg\" data-srcset=\"https:\/\/resistencies.consorcimuseus.gva.es\/wp-content\/uploads\/2023\/05\/Fan-que-Un-fanzine-collectiu-en-imatges-4-972x1024-1-768x576.jpg 768w, https:\/\/resistencies.consorcimuseus.gva.es\/wp-content\/uploads\/2023\/05\/Fan-que-Un-fanzine-collectiu-en-imatges-4-972x1024-1-972x729.jpg 972w\" loading=\"eager\" style=\"--ratio: 768 \/ 576\" sizes=\"(max-width: 768px) 100vw, 768px\" alt=\"\" width=\"768\" height=\"576\"  \/><span class=\"gallery-rollover\"><span class=\"gallery-zoom-ico icomoon-the7-font-the7-zoom-06\"><span><\/span><\/span><\/span><\/a><\/figure><\/div><div class=\"wf-cell iso-item\" data-post-id=\"3255\" data-date=\"2023-05-25T09:59:12+02:00\" data-name=\"3-1-1024x624\"><figure class=\"post visible\"><a href=\"https:\/\/resistencies.consorcimuseus.gva.es\/wp-content\/uploads\/2023\/05\/3-1-1024x624-1.jpg\" class=\"rollover dt-pswp-item layzr-bg\" data-large_image_width=\"1024\" data-large_image_height=\"624\" data-dt-img-description=\"\" title=\"3-1-1024&#215;624\"><img decoding=\"async\" class=\"preload-me iso-lazy-load aspect\" src=\"data:image\/svg+xml,%3Csvg%20xmlns%3D&#39;http%3A%2F%2Fwww.w3.org%2F2000%2Fsvg&#39;%20viewBox%3D&#39;0%200%20768%20576&#39;%2F%3E\" data-src=\"https:\/\/resistencies.consorcimuseus.gva.es\/wp-content\/uploads\/2023\/05\/3-1-1024x624-1-768x576.jpg\" data-srcset=\"https:\/\/resistencies.consorcimuseus.gva.es\/wp-content\/uploads\/2023\/05\/3-1-1024x624-1-768x576.jpg 768w, https:\/\/resistencies.consorcimuseus.gva.es\/wp-content\/uploads\/2023\/05\/3-1-1024x624-1-832x624.jpg 832w\" loading=\"eager\" style=\"--ratio: 768 \/ 576\" sizes=\"(max-width: 768px) 100vw, 768px\" alt=\"\" width=\"768\" height=\"576\"  \/><span class=\"gallery-rollover\"><span class=\"gallery-zoom-ico icomoon-the7-font-the7-zoom-06\"><span><\/span><\/span><\/span><\/a><\/figure><\/div><\/div><!-- iso-container|iso-grid --><\/div>[\/vc_column][\/vc_row][vc_row][vc_column][vc_separator color=\u00bbblack\u00bb border_width=\u00bb2&#8243;][\/vc_column][\/vc_row]<\/p>\n<\/div>","protected":false},"excerpt":{"rendered":"<p>[vc_row][vc_column][vc_separator color=\u00bbblack\u00bb border_width=\u00bb2&#8243;][\/vc_column][\/vc_row][vc_row][vc_column][vc_row_inner el_class=\u00bbfila-contenido-prj\u00bb][vc_column_inner el_class=\u00bb-col-titulo-info-proyecto\u00bb width=\u00bb1\/6&#8243;][vc_column_text]Convocatoria:[\/vc_column_text][\/vc_column_inner][vc_column_inner width=\u00bb5\/6&#8243;][vc_column_text]2022-2023[\/vc_column_text][\/vc_column_inner][\/vc_row_inner][vc_row_inner el_class=\u00bbfila-contenido-prj\u00bb][vc_column_inner el_class=\u00bb-col-titulo-info-proyecto\u00bb width=\u00bb1\/6&#8243;][vc_column_text]Conceptos clave:[\/vc_column_text][\/vc_column_inner][vc_column_inner width=\u00bb5\/6&#8243;][vc_column_text]Fanzine, creaci\u00f3n colectiva, experimentaci\u00f3n, collage, expresi\u00f3n de las emociones, conocimiento propio[\/vc_column_text][\/vc_column_inner][\/vc_row_inner][vc_row_inner el_class=\u00bbfila-contenido-prj\u00bb][vc_column_inner el_class=\u00bb-col-titulo-info-proyecto\u00bb width=\u00bb1\/6&#8243;][vc_column_text]Nivel educativo:[\/vc_column_text][\/vc_column_inner][vc_column_inner width=\u00bb5\/6&#8243;][vc_column_text]Infantil y Primaria[\/vc_column_text][\/vc_column_inner][\/vc_row_inner][vc_row_inner el_class=\u00bbfila-contenido-prj\u00bb][vc_column_inner el_class=\u00bb-col-titulo-info-proyecto\u00bb width=\u00bb1\/6&#8243;][vc_column_text]T\u00edtulo proyecto:[\/vc_column_text][\/vc_column_inner][vc_column_inner width=\u00bb5\/6&#8243;][vc_column_text]Fan-Qu\u00e8? Un fanzine col\u00b7lectiu en imatges[\/vc_column_text][\/vc_column_inner][\/vc_row_inner][vc_row_inner el_class=\u00bbfila-contenido-prj\u00bb][vc_column_inner el_class=\u00bb-col-titulo-info-proyecto\u00bb width=\u00bb1\/6&#8243;][vc_column_text]Artista\/s:[\/vc_column_text][\/vc_column_inner][vc_column_inner width=\u00bb5\/6&#8243;][vc_column_text] Marta P\u00e9rez Civera (VA! Asociaci\u00f3n Cultural y de Promoci\u00f3n de las Artes&hellip;<\/p>\n","protected":false},"author":3,"featured_media":3252,"comment_status":"closed","ping_status":"open","sticky":false,"template":"","format":"standard","meta":{"footnotes":""},"categories":[66,67,70],"tags":[114,103,104,102],"class_list":["post-3257","post","type-post","status-publish","format-standard","has-post-thumbnail","hentry","category-arquitecturas-ludicas","category-procesos-de-alfabetizacion","category-saberes-otros","tag-2022-2023-es","tag-infantil-es","tag-primaria-es","tag-valencia-es","category-66","category-67","category-70","description-off"],"yoast_head":"<!-- This site is optimized with the Yoast SEO plugin v27.3 - https:\/\/yoast.com\/product\/yoast-seo-wordpress\/ -->\n<title>Fan-Qu\u00e8? Un fanzine col\u00b7lectiu en imatges - Resist\u00e8ncies Art\u00edstiques CMCV<\/title>\n<meta name=\"robots\" content=\"index, follow, max-snippet:-1, max-image-preview:large, max-video-preview:-1\" \/>\n<link rel=\"canonical\" href=\"https:\/\/resistencies.consorcimuseus.gva.es\/es\/fan-que-un-fanzine-col\u00b7lectiu-en-imatges\/\" \/>\n<meta property=\"og:locale\" content=\"es_ES\" \/>\n<meta property=\"og:type\" content=\"article\" \/>\n<meta property=\"og:title\" content=\"Fan-Qu\u00e8? Un fanzine col\u00b7lectiu en imatges - Resist\u00e8ncies Art\u00edstiques CMCV\" \/>\n<meta property=\"og:description\" content=\"[vc_row][vc_column][vc_separator color=\u00bbblack\u00bb border_width=\u00bb2&#8243;][\/vc_column][\/vc_row][vc_row][vc_column][vc_row_inner el_class=\u00bbfila-contenido-prj\u00bb][vc_column_inner el_class=\u00bb-col-titulo-info-proyecto\u00bb width=\u00bb1\/6&#8243;][vc_column_text]Convocatoria:[\/vc_column_text][\/vc_column_inner][vc_column_inner width=\u00bb5\/6&#8243;][vc_column_text]2022-2023[\/vc_column_text][\/vc_column_inner][\/vc_row_inner][vc_row_inner el_class=\u00bbfila-contenido-prj\u00bb][vc_column_inner el_class=\u00bb-col-titulo-info-proyecto\u00bb width=\u00bb1\/6&#8243;][vc_column_text]Conceptos clave:[\/vc_column_text][\/vc_column_inner][vc_column_inner width=\u00bb5\/6&#8243;][vc_column_text]Fanzine, creaci\u00f3n colectiva, experimentaci\u00f3n, collage, expresi\u00f3n de las emociones, conocimiento propio[\/vc_column_text][\/vc_column_inner][\/vc_row_inner][vc_row_inner el_class=\u00bbfila-contenido-prj\u00bb][vc_column_inner el_class=\u00bb-col-titulo-info-proyecto\u00bb width=\u00bb1\/6&#8243;][vc_column_text]Nivel educativo:[\/vc_column_text][\/vc_column_inner][vc_column_inner width=\u00bb5\/6&#8243;][vc_column_text]Infantil y Primaria[\/vc_column_text][\/vc_column_inner][\/vc_row_inner][vc_row_inner el_class=\u00bbfila-contenido-prj\u00bb][vc_column_inner el_class=\u00bb-col-titulo-info-proyecto\u00bb width=\u00bb1\/6&#8243;][vc_column_text]T\u00edtulo proyecto:[\/vc_column_text][\/vc_column_inner][vc_column_inner width=\u00bb5\/6&#8243;][vc_column_text]Fan-Qu\u00e8? Un fanzine col\u00b7lectiu en imatges[\/vc_column_text][\/vc_column_inner][\/vc_row_inner][vc_row_inner el_class=\u00bbfila-contenido-prj\u00bb][vc_column_inner el_class=\u00bb-col-titulo-info-proyecto\u00bb width=\u00bb1\/6&#8243;][vc_column_text]Artista\/s:[\/vc_column_text][\/vc_column_inner][vc_column_inner width=\u00bb5\/6&#8243;][vc_column_text] Marta P\u00e9rez Civera (VA! Asociaci\u00f3n Cultural y de Promoci\u00f3n de las Artes&hellip;\" \/>\n<meta property=\"og:url\" content=\"https:\/\/resistencies.consorcimuseus.gva.es\/es\/fan-que-un-fanzine-col\u00b7lectiu-en-imatges\/\" \/>\n<meta property=\"og:site_name\" content=\"Resist\u00e8ncies Art\u00edstiques CMCV\" \/>\n<meta property=\"article:published_time\" content=\"2023-05-25T11:55:24+00:00\" \/>\n<meta property=\"og:image\" content=\"https:\/\/resistencies.consorcimuseus.gva.es\/wp-content\/uploads\/2023\/05\/Fan-que-Un-fanzine-collectiu-en-imatges-1000x667-1.jpg\" \/>\n\t<meta property=\"og:image:width\" content=\"1000\" \/>\n\t<meta property=\"og:image:height\" content=\"667\" \/>\n\t<meta property=\"og:image:type\" content=\"image\/jpeg\" \/>\n<meta name=\"author\" content=\"Resist\u00e8ncies Art\u00edstiques CMCV\" \/>\n<meta name=\"twitter:card\" content=\"summary_large_image\" \/>\n<meta name=\"twitter:label1\" content=\"Escrito por\" \/>\n\t<meta name=\"twitter:data1\" content=\"Resist\u00e8ncies Art\u00edstiques CMCV\" \/>\n\t<meta name=\"twitter:label2\" content=\"Tiempo de lectura\" \/>\n\t<meta name=\"twitter:data2\" content=\"3 minutos\" \/>\n<script type=\"application\/ld+json\" class=\"yoast-schema-graph\">{\"@context\":\"https:\\\/\\\/schema.org\",\"@graph\":[{\"@type\":\"Article\",\"@id\":\"https:\\\/\\\/resistencies.consorcimuseus.gva.es\\\/es\\\/fan-que-un-fanzine-col%c2%b7lectiu-en-imatges\\\/#article\",\"isPartOf\":{\"@id\":\"https:\\\/\\\/resistencies.consorcimuseus.gva.es\\\/es\\\/fan-que-un-fanzine-col%c2%b7lectiu-en-imatges\\\/\"},\"author\":{\"name\":\"Resist\u00e8ncies Art\u00edstiques CMCV\",\"@id\":\"https:\\\/\\\/resistencies.consorcimuseus.gva.es\\\/#\\\/schema\\\/person\\\/a225775d4711c439879bd4d972b8d96d\"},\"headline\":\"Fan-Qu\u00e8? Un fanzine col\u00b7lectiu en imatges\",\"datePublished\":\"2023-05-25T11:55:24+00:00\",\"mainEntityOfPage\":{\"@id\":\"https:\\\/\\\/resistencies.consorcimuseus.gva.es\\\/es\\\/fan-que-un-fanzine-col%c2%b7lectiu-en-imatges\\\/\"},\"wordCount\":1406,\"publisher\":{\"@id\":\"https:\\\/\\\/resistencies.consorcimuseus.gva.es\\\/#organization\"},\"image\":{\"@id\":\"https:\\\/\\\/resistencies.consorcimuseus.gva.es\\\/es\\\/fan-que-un-fanzine-col%c2%b7lectiu-en-imatges\\\/#primaryimage\"},\"thumbnailUrl\":\"https:\\\/\\\/resistencies.consorcimuseus.gva.es\\\/wp-content\\\/uploads\\\/2023\\\/05\\\/Fan-que-Un-fanzine-collectiu-en-imatges-1000x667-1.jpg\",\"keywords\":[\"2022-2023\",\"Infantil\",\"Primaria\",\"Valencia\"],\"articleSection\":[\"Arquitecturas L\u00fadicas\",\"Procesos de Alfabetizaci\u00f3n\",\"Saberes Otros\"],\"inLanguage\":\"es\"},{\"@type\":\"WebPage\",\"@id\":\"https:\\\/\\\/resistencies.consorcimuseus.gva.es\\\/es\\\/fan-que-un-fanzine-col%c2%b7lectiu-en-imatges\\\/\",\"url\":\"https:\\\/\\\/resistencies.consorcimuseus.gva.es\\\/es\\\/fan-que-un-fanzine-col%c2%b7lectiu-en-imatges\\\/\",\"name\":\"Fan-Qu\u00e8? Un fanzine col\u00b7lectiu en imatges - Resist\u00e8ncies Art\u00edstiques CMCV\",\"isPartOf\":{\"@id\":\"https:\\\/\\\/resistencies.consorcimuseus.gva.es\\\/#website\"},\"primaryImageOfPage\":{\"@id\":\"https:\\\/\\\/resistencies.consorcimuseus.gva.es\\\/es\\\/fan-que-un-fanzine-col%c2%b7lectiu-en-imatges\\\/#primaryimage\"},\"image\":{\"@id\":\"https:\\\/\\\/resistencies.consorcimuseus.gva.es\\\/es\\\/fan-que-un-fanzine-col%c2%b7lectiu-en-imatges\\\/#primaryimage\"},\"thumbnailUrl\":\"https:\\\/\\\/resistencies.consorcimuseus.gva.es\\\/wp-content\\\/uploads\\\/2023\\\/05\\\/Fan-que-Un-fanzine-collectiu-en-imatges-1000x667-1.jpg\",\"datePublished\":\"2023-05-25T11:55:24+00:00\",\"breadcrumb\":{\"@id\":\"https:\\\/\\\/resistencies.consorcimuseus.gva.es\\\/es\\\/fan-que-un-fanzine-col%c2%b7lectiu-en-imatges\\\/#breadcrumb\"},\"inLanguage\":\"es\",\"potentialAction\":[{\"@type\":\"ReadAction\",\"target\":[\"https:\\\/\\\/resistencies.consorcimuseus.gva.es\\\/es\\\/fan-que-un-fanzine-col%c2%b7lectiu-en-imatges\\\/\"]}]},{\"@type\":\"ImageObject\",\"inLanguage\":\"es\",\"@id\":\"https:\\\/\\\/resistencies.consorcimuseus.gva.es\\\/es\\\/fan-que-un-fanzine-col%c2%b7lectiu-en-imatges\\\/#primaryimage\",\"url\":\"https:\\\/\\\/resistencies.consorcimuseus.gva.es\\\/wp-content\\\/uploads\\\/2023\\\/05\\\/Fan-que-Un-fanzine-collectiu-en-imatges-1000x667-1.jpg\",\"contentUrl\":\"https:\\\/\\\/resistencies.consorcimuseus.gva.es\\\/wp-content\\\/uploads\\\/2023\\\/05\\\/Fan-que-Un-fanzine-collectiu-en-imatges-1000x667-1.jpg\",\"width\":1000,\"height\":667},{\"@type\":\"BreadcrumbList\",\"@id\":\"https:\\\/\\\/resistencies.consorcimuseus.gva.es\\\/es\\\/fan-que-un-fanzine-col%c2%b7lectiu-en-imatges\\\/#breadcrumb\",\"itemListElement\":[{\"@type\":\"ListItem\",\"position\":1,\"name\":\"Inici\",\"item\":\"https:\\\/\\\/resistencies.consorcimuseus.gva.es\\\/es\\\/\"},{\"@type\":\"ListItem\",\"position\":2,\"name\":\"Fan-Qu\u00e8? Un fanzine col\u00b7lectiu en imatges\"}]},{\"@type\":\"WebSite\",\"@id\":\"https:\\\/\\\/resistencies.consorcimuseus.gva.es\\\/#website\",\"url\":\"https:\\\/\\\/resistencies.consorcimuseus.gva.es\\\/\",\"name\":\"Resist\u00e8ncies Art\u00edstiques CMCV\",\"description\":\"\",\"publisher\":{\"@id\":\"https:\\\/\\\/resistencies.consorcimuseus.gva.es\\\/#organization\"},\"potentialAction\":[{\"@type\":\"SearchAction\",\"target\":{\"@type\":\"EntryPoint\",\"urlTemplate\":\"https:\\\/\\\/resistencies.consorcimuseus.gva.es\\\/?s={search_term_string}\"},\"query-input\":{\"@type\":\"PropertyValueSpecification\",\"valueRequired\":true,\"valueName\":\"search_term_string\"}}],\"inLanguage\":\"es\"},{\"@type\":\"Organization\",\"@id\":\"https:\\\/\\\/resistencies.consorcimuseus.gva.es\\\/#organization\",\"name\":\"Resist\u00e8ncies Art\u00edstiques - CMCV\",\"url\":\"https:\\\/\\\/resistencies.consorcimuseus.gva.es\\\/\",\"logo\":{\"@type\":\"ImageObject\",\"inLanguage\":\"es\",\"@id\":\"https:\\\/\\\/resistencies.consorcimuseus.gva.es\\\/#\\\/schema\\\/logo\\\/image\\\/\",\"url\":\"https:\\\/\\\/resistencies.consorcimuseus.gva.es\\\/wp-content\\\/uploads\\\/2020\\\/03\\\/logo-consorci-museus.jpg\",\"contentUrl\":\"https:\\\/\\\/resistencies.consorcimuseus.gva.es\\\/wp-content\\\/uploads\\\/2020\\\/03\\\/logo-consorci-museus.jpg\",\"width\":122,\"height\":108,\"caption\":\"Resist\u00e8ncies Art\u00edstiques - CMCV\"},\"image\":{\"@id\":\"https:\\\/\\\/resistencies.consorcimuseus.gva.es\\\/#\\\/schema\\\/logo\\\/image\\\/\"}},{\"@type\":\"Person\",\"@id\":\"https:\\\/\\\/resistencies.consorcimuseus.gva.es\\\/#\\\/schema\\\/person\\\/a225775d4711c439879bd4d972b8d96d\",\"name\":\"Resist\u00e8ncies Art\u00edstiques CMCV\",\"image\":{\"@type\":\"ImageObject\",\"inLanguage\":\"es\",\"@id\":\"https:\\\/\\\/secure.gravatar.com\\\/avatar\\\/cb2ad6006baf46a81edf30a56e5d8362f7e38d36c7e16f6792919ef755e23ebc?s=96&d=mm&r=g\",\"url\":\"https:\\\/\\\/secure.gravatar.com\\\/avatar\\\/cb2ad6006baf46a81edf30a56e5d8362f7e38d36c7e16f6792919ef755e23ebc?s=96&d=mm&r=g\",\"contentUrl\":\"https:\\\/\\\/secure.gravatar.com\\\/avatar\\\/cb2ad6006baf46a81edf30a56e5d8362f7e38d36c7e16f6792919ef755e23ebc?s=96&d=mm&r=g\",\"caption\":\"Resist\u00e8ncies Art\u00edstiques CMCV\"}}]}<\/script>\n<!-- \/ Yoast SEO plugin. -->","yoast_head_json":{"title":"Fan-Qu\u00e8? Un fanzine col\u00b7lectiu en imatges - Resist\u00e8ncies Art\u00edstiques CMCV","robots":{"index":"index","follow":"follow","max-snippet":"max-snippet:-1","max-image-preview":"max-image-preview:large","max-video-preview":"max-video-preview:-1"},"canonical":"https:\/\/resistencies.consorcimuseus.gva.es\/es\/fan-que-un-fanzine-col\u00b7lectiu-en-imatges\/","og_locale":"es_ES","og_type":"article","og_title":"Fan-Qu\u00e8? Un fanzine col\u00b7lectiu en imatges - Resist\u00e8ncies Art\u00edstiques CMCV","og_description":"[vc_row][vc_column][vc_separator color=\u00bbblack\u00bb border_width=\u00bb2&#8243;][\/vc_column][\/vc_row][vc_row][vc_column][vc_row_inner el_class=\u00bbfila-contenido-prj\u00bb][vc_column_inner el_class=\u00bb-col-titulo-info-proyecto\u00bb width=\u00bb1\/6&#8243;][vc_column_text]Convocatoria:[\/vc_column_text][\/vc_column_inner][vc_column_inner width=\u00bb5\/6&#8243;][vc_column_text]2022-2023[\/vc_column_text][\/vc_column_inner][\/vc_row_inner][vc_row_inner el_class=\u00bbfila-contenido-prj\u00bb][vc_column_inner el_class=\u00bb-col-titulo-info-proyecto\u00bb width=\u00bb1\/6&#8243;][vc_column_text]Conceptos clave:[\/vc_column_text][\/vc_column_inner][vc_column_inner width=\u00bb5\/6&#8243;][vc_column_text]Fanzine, creaci\u00f3n colectiva, experimentaci\u00f3n, collage, expresi\u00f3n de las emociones, conocimiento propio[\/vc_column_text][\/vc_column_inner][\/vc_row_inner][vc_row_inner el_class=\u00bbfila-contenido-prj\u00bb][vc_column_inner el_class=\u00bb-col-titulo-info-proyecto\u00bb width=\u00bb1\/6&#8243;][vc_column_text]Nivel educativo:[\/vc_column_text][\/vc_column_inner][vc_column_inner width=\u00bb5\/6&#8243;][vc_column_text]Infantil y Primaria[\/vc_column_text][\/vc_column_inner][\/vc_row_inner][vc_row_inner el_class=\u00bbfila-contenido-prj\u00bb][vc_column_inner el_class=\u00bb-col-titulo-info-proyecto\u00bb width=\u00bb1\/6&#8243;][vc_column_text]T\u00edtulo proyecto:[\/vc_column_text][\/vc_column_inner][vc_column_inner width=\u00bb5\/6&#8243;][vc_column_text]Fan-Qu\u00e8? Un fanzine col\u00b7lectiu en imatges[\/vc_column_text][\/vc_column_inner][\/vc_row_inner][vc_row_inner el_class=\u00bbfila-contenido-prj\u00bb][vc_column_inner el_class=\u00bb-col-titulo-info-proyecto\u00bb width=\u00bb1\/6&#8243;][vc_column_text]Artista\/s:[\/vc_column_text][\/vc_column_inner][vc_column_inner width=\u00bb5\/6&#8243;][vc_column_text] Marta P\u00e9rez Civera (VA! Asociaci\u00f3n Cultural y de Promoci\u00f3n de las Artes&hellip;","og_url":"https:\/\/resistencies.consorcimuseus.gva.es\/es\/fan-que-un-fanzine-col\u00b7lectiu-en-imatges\/","og_site_name":"Resist\u00e8ncies Art\u00edstiques CMCV","article_published_time":"2023-05-25T11:55:24+00:00","og_image":[{"width":1000,"height":667,"url":"https:\/\/resistencies.consorcimuseus.gva.es\/wp-content\/uploads\/2023\/05\/Fan-que-Un-fanzine-collectiu-en-imatges-1000x667-1.jpg","type":"image\/jpeg"}],"author":"Resist\u00e8ncies Art\u00edstiques CMCV","twitter_card":"summary_large_image","twitter_misc":{"Escrito por":"Resist\u00e8ncies Art\u00edstiques CMCV","Tiempo de lectura":"3 minutos"},"schema":{"@context":"https:\/\/schema.org","@graph":[{"@type":"Article","@id":"https:\/\/resistencies.consorcimuseus.gva.es\/es\/fan-que-un-fanzine-col%c2%b7lectiu-en-imatges\/#article","isPartOf":{"@id":"https:\/\/resistencies.consorcimuseus.gva.es\/es\/fan-que-un-fanzine-col%c2%b7lectiu-en-imatges\/"},"author":{"name":"Resist\u00e8ncies Art\u00edstiques CMCV","@id":"https:\/\/resistencies.consorcimuseus.gva.es\/#\/schema\/person\/a225775d4711c439879bd4d972b8d96d"},"headline":"Fan-Qu\u00e8? Un fanzine col\u00b7lectiu en imatges","datePublished":"2023-05-25T11:55:24+00:00","mainEntityOfPage":{"@id":"https:\/\/resistencies.consorcimuseus.gva.es\/es\/fan-que-un-fanzine-col%c2%b7lectiu-en-imatges\/"},"wordCount":1406,"publisher":{"@id":"https:\/\/resistencies.consorcimuseus.gva.es\/#organization"},"image":{"@id":"https:\/\/resistencies.consorcimuseus.gva.es\/es\/fan-que-un-fanzine-col%c2%b7lectiu-en-imatges\/#primaryimage"},"thumbnailUrl":"https:\/\/resistencies.consorcimuseus.gva.es\/wp-content\/uploads\/2023\/05\/Fan-que-Un-fanzine-collectiu-en-imatges-1000x667-1.jpg","keywords":["2022-2023","Infantil","Primaria","Valencia"],"articleSection":["Arquitecturas L\u00fadicas","Procesos de Alfabetizaci\u00f3n","Saberes Otros"],"inLanguage":"es"},{"@type":"WebPage","@id":"https:\/\/resistencies.consorcimuseus.gva.es\/es\/fan-que-un-fanzine-col%c2%b7lectiu-en-imatges\/","url":"https:\/\/resistencies.consorcimuseus.gva.es\/es\/fan-que-un-fanzine-col%c2%b7lectiu-en-imatges\/","name":"Fan-Qu\u00e8? Un fanzine col\u00b7lectiu en imatges - Resist\u00e8ncies Art\u00edstiques CMCV","isPartOf":{"@id":"https:\/\/resistencies.consorcimuseus.gva.es\/#website"},"primaryImageOfPage":{"@id":"https:\/\/resistencies.consorcimuseus.gva.es\/es\/fan-que-un-fanzine-col%c2%b7lectiu-en-imatges\/#primaryimage"},"image":{"@id":"https:\/\/resistencies.consorcimuseus.gva.es\/es\/fan-que-un-fanzine-col%c2%b7lectiu-en-imatges\/#primaryimage"},"thumbnailUrl":"https:\/\/resistencies.consorcimuseus.gva.es\/wp-content\/uploads\/2023\/05\/Fan-que-Un-fanzine-collectiu-en-imatges-1000x667-1.jpg","datePublished":"2023-05-25T11:55:24+00:00","breadcrumb":{"@id":"https:\/\/resistencies.consorcimuseus.gva.es\/es\/fan-que-un-fanzine-col%c2%b7lectiu-en-imatges\/#breadcrumb"},"inLanguage":"es","potentialAction":[{"@type":"ReadAction","target":["https:\/\/resistencies.consorcimuseus.gva.es\/es\/fan-que-un-fanzine-col%c2%b7lectiu-en-imatges\/"]}]},{"@type":"ImageObject","inLanguage":"es","@id":"https:\/\/resistencies.consorcimuseus.gva.es\/es\/fan-que-un-fanzine-col%c2%b7lectiu-en-imatges\/#primaryimage","url":"https:\/\/resistencies.consorcimuseus.gva.es\/wp-content\/uploads\/2023\/05\/Fan-que-Un-fanzine-collectiu-en-imatges-1000x667-1.jpg","contentUrl":"https:\/\/resistencies.consorcimuseus.gva.es\/wp-content\/uploads\/2023\/05\/Fan-que-Un-fanzine-collectiu-en-imatges-1000x667-1.jpg","width":1000,"height":667},{"@type":"BreadcrumbList","@id":"https:\/\/resistencies.consorcimuseus.gva.es\/es\/fan-que-un-fanzine-col%c2%b7lectiu-en-imatges\/#breadcrumb","itemListElement":[{"@type":"ListItem","position":1,"name":"Inici","item":"https:\/\/resistencies.consorcimuseus.gva.es\/es\/"},{"@type":"ListItem","position":2,"name":"Fan-Qu\u00e8? Un fanzine col\u00b7lectiu en imatges"}]},{"@type":"WebSite","@id":"https:\/\/resistencies.consorcimuseus.gva.es\/#website","url":"https:\/\/resistencies.consorcimuseus.gva.es\/","name":"Resist\u00e8ncies Art\u00edstiques CMCV","description":"","publisher":{"@id":"https:\/\/resistencies.consorcimuseus.gva.es\/#organization"},"potentialAction":[{"@type":"SearchAction","target":{"@type":"EntryPoint","urlTemplate":"https:\/\/resistencies.consorcimuseus.gva.es\/?s={search_term_string}"},"query-input":{"@type":"PropertyValueSpecification","valueRequired":true,"valueName":"search_term_string"}}],"inLanguage":"es"},{"@type":"Organization","@id":"https:\/\/resistencies.consorcimuseus.gva.es\/#organization","name":"Resist\u00e8ncies Art\u00edstiques - CMCV","url":"https:\/\/resistencies.consorcimuseus.gva.es\/","logo":{"@type":"ImageObject","inLanguage":"es","@id":"https:\/\/resistencies.consorcimuseus.gva.es\/#\/schema\/logo\/image\/","url":"https:\/\/resistencies.consorcimuseus.gva.es\/wp-content\/uploads\/2020\/03\/logo-consorci-museus.jpg","contentUrl":"https:\/\/resistencies.consorcimuseus.gva.es\/wp-content\/uploads\/2020\/03\/logo-consorci-museus.jpg","width":122,"height":108,"caption":"Resist\u00e8ncies Art\u00edstiques - CMCV"},"image":{"@id":"https:\/\/resistencies.consorcimuseus.gva.es\/#\/schema\/logo\/image\/"}},{"@type":"Person","@id":"https:\/\/resistencies.consorcimuseus.gva.es\/#\/schema\/person\/a225775d4711c439879bd4d972b8d96d","name":"Resist\u00e8ncies Art\u00edstiques CMCV","image":{"@type":"ImageObject","inLanguage":"es","@id":"https:\/\/secure.gravatar.com\/avatar\/cb2ad6006baf46a81edf30a56e5d8362f7e38d36c7e16f6792919ef755e23ebc?s=96&d=mm&r=g","url":"https:\/\/secure.gravatar.com\/avatar\/cb2ad6006baf46a81edf30a56e5d8362f7e38d36c7e16f6792919ef755e23ebc?s=96&d=mm&r=g","contentUrl":"https:\/\/secure.gravatar.com\/avatar\/cb2ad6006baf46a81edf30a56e5d8362f7e38d36c7e16f6792919ef755e23ebc?s=96&d=mm&r=g","caption":"Resist\u00e8ncies Art\u00edstiques CMCV"}}]}},"_links":{"self":[{"href":"https:\/\/resistencies.consorcimuseus.gva.es\/es\/wp-json\/wp\/v2\/posts\/3257","targetHints":{"allow":["GET"]}}],"collection":[{"href":"https:\/\/resistencies.consorcimuseus.gva.es\/es\/wp-json\/wp\/v2\/posts"}],"about":[{"href":"https:\/\/resistencies.consorcimuseus.gva.es\/es\/wp-json\/wp\/v2\/types\/post"}],"author":[{"embeddable":true,"href":"https:\/\/resistencies.consorcimuseus.gva.es\/es\/wp-json\/wp\/v2\/users\/3"}],"replies":[{"embeddable":true,"href":"https:\/\/resistencies.consorcimuseus.gva.es\/es\/wp-json\/wp\/v2\/comments?post=3257"}],"version-history":[{"count":0,"href":"https:\/\/resistencies.consorcimuseus.gva.es\/es\/wp-json\/wp\/v2\/posts\/3257\/revisions"}],"wp:featuredmedia":[{"embeddable":true,"href":"https:\/\/resistencies.consorcimuseus.gva.es\/es\/wp-json\/wp\/v2\/media\/3252"}],"wp:attachment":[{"href":"https:\/\/resistencies.consorcimuseus.gva.es\/es\/wp-json\/wp\/v2\/media?parent=3257"}],"wp:term":[{"taxonomy":"category","embeddable":true,"href":"https:\/\/resistencies.consorcimuseus.gva.es\/es\/wp-json\/wp\/v2\/categories?post=3257"},{"taxonomy":"post_tag","embeddable":true,"href":"https:\/\/resistencies.consorcimuseus.gva.es\/es\/wp-json\/wp\/v2\/tags?post=3257"}],"curies":[{"name":"wp","href":"https:\/\/api.w.org\/{rel}","templated":true}]}}