{"id":3579,"date":"2023-06-07T09:33:14","date_gmt":"2023-06-07T07:33:14","guid":{"rendered":"https:\/\/resistencies.consorcimuseus.gva.es\/?p=3579"},"modified":"2023-06-07T09:33:14","modified_gmt":"2023-06-07T07:33:14","slug":"no-volem-saber-ensayo-artistico-experimental-para-una-educacion-critica","status":"publish","type":"post","link":"https:\/\/resistencies.consorcimuseus.gva.es\/es\/no-volem-saber-ensayo-artistico-experimental-para-una-educacion-critica\/","title":{"rendered":"No volem saber. Ensayo art\u00edstico experimental para una educaci\u00f3n cr\u00edtica"},"content":{"rendered":"<div class=\"wpb-content-wrapper\"><p>[vc_row][vc_column][vc_separator color=\u00bbblack\u00bb border_width=\u00bb2&#8243;][\/vc_column][\/vc_row][vc_row][vc_column][vc_row_inner el_class=\u00bbfila-contenido-prj\u00bb][vc_column_inner el_class=\u00bb-col-titulo-info-proyecto\u00bb width=\u00bb1\/6&#8243;][vc_column_text]<strong>Convocatoria:<\/strong>[\/vc_column_text][\/vc_column_inner][vc_column_inner width=\u00bb5\/6&#8243;][vc_column_text]2022-2023[\/vc_column_text][\/vc_column_inner][\/vc_row_inner][vc_row_inner el_class=\u00bbfila-contenido-prj\u00bb][vc_column_inner el_class=\u00bb-col-titulo-info-proyecto\u00bb width=\u00bb1\/6&#8243;][vc_column_text]<strong>Conceptos clave:<\/strong>[\/vc_column_text][\/vc_column_inner][vc_column_inner width=\u00bb5\/6&#8243;][vc_column_text]Ensayo experimental, arte contempor\u00e1neo, educaci\u00f3n art\u00edstica, pensamiento cr\u00edtico y emancipaci\u00f3n[\/vc_column_text][\/vc_column_inner][\/vc_row_inner][vc_row_inner el_class=\u00bbfila-contenido-prj\u00bb][vc_column_inner el_class=\u00bb-col-titulo-info-proyecto\u00bb width=\u00bb1\/6&#8243;][vc_column_text]<strong>Nivel educativo:<\/strong>[\/vc_column_text][\/vc_column_inner][vc_column_inner width=\u00bb5\/6&#8243;][vc_column_text]Secundaria[\/vc_column_text][\/vc_column_inner][\/vc_row_inner][vc_row_inner el_class=\u00bbfila-contenido-prj\u00bb][vc_column_inner el_class=\u00bb-col-titulo-info-proyecto\u00bb width=\u00bb1\/6&#8243;][vc_column_text]<strong>T\u00edtulo proyecto:<\/strong>[\/vc_column_text][\/vc_column_inner][vc_column_inner width=\u00bb5\/6&#8243;][vc_column_text]No volem saber. Ensayo art\u00edstico experimental para una educaci\u00f3n cr\u00edtica[\/vc_column_text][\/vc_column_inner][\/vc_row_inner][vc_row_inner el_class=\u00bbfila-contenido-prj\u00bb][vc_column_inner el_class=\u00bb-col-titulo-info-proyecto\u00bb width=\u00bb1\/6&#8243;][vc_column_text]<strong>Artista\/s:<\/strong>[\/vc_column_text][\/vc_column_inner][vc_column_inner width=\u00bb5\/6&#8243;][vc_column_text]<\/p>\n<div class=\"breadcrumbs\">\n<div class=\"breadcrumbs\">\n<div>Elena Sanmart\u00edn Hern\u00e1ndez y Elena Rocamora Sotos (El\u00e1stica Asociaci\u00f3n)<\/div>\n<\/div>\n<\/div>\n<p>[\/vc_column_text][\/vc_column_inner][\/vc_row_inner][vc_row_inner el_class=\u00bbfila-contenido-prj\u00bb][vc_column_inner el_class=\u00bb-col-titulo-info-proyecto\u00bb width=\u00bb1\/6&#8243;][vc_column_text]<strong>Maestro\/a:<\/strong>[\/vc_column_text][\/vc_column_inner][vc_column_inner width=\u00bb5\/6&#8243;][vc_column_text]Jose Miguel Latorre Moya[\/vc_column_text][\/vc_column_inner][\/vc_row_inner][vc_row_inner el_class=\u00bbfila-contenido-prj\u00bb][vc_column_inner el_class=\u00bb-col-titulo-info-proyecto\u00bb width=\u00bb1\/6&#8243;][vc_column_text]<strong>Nombre del centro:<\/strong>[\/vc_column_text][\/vc_column_inner][vc_column_inner width=\u00bb5\/6&#8243;][vc_column_text]IES Alameda[\/vc_column_text][\/vc_column_inner][\/vc_row_inner][vc_row_inner el_class=\u00bbfila-contenido-prj\u00bb][vc_column_inner el_class=\u00bb-col-titulo-info-proyecto\u00bb width=\u00bb1\/6&#8243;][vc_column_text]<strong>Poblaci\u00f3n:<\/strong>[\/vc_column_text][\/vc_column_inner][vc_column_inner width=\u00bb5\/6&#8243;][vc_column_text]Utiel, Val\u00e8ncia[\/vc_column_text][\/vc_column_inner][\/vc_row_inner][vc_empty_space height=\u00bb15px\u00bb][\/vc_column][\/vc_row][vc_row][vc_column][vc_separator color=\u00bbblack\u00bb border_width=\u00bb2&#8243;][\/vc_column][\/vc_row][vc_row][vc_column][vc_row_inner el_class=\u00bbfila-contenido-prj\u00bb][vc_column_inner el_class=\u00bb-col-titulo-info-proyecto\u00bb width=\u00bb1\/6&#8243;][vc_column_text]<strong>Resumen proyecto:<\/strong>[\/vc_column_text][\/vc_column_inner][vc_column_inner width=\u00bb5\/6&#8243;][vc_column_text]<strong>\u2018No volem saber. Ensayo art\u00edstico experimental para una educaci\u00f3n cr\u00edtica\u2019<\/strong>\u00a0es un proyecto que propone acercar al alumnado el ensayo cr\u00edtico experimental como una herramienta pedag\u00f3gica con la capacidad de analizar, cuestionar y transformar el contexto; en concreto, el \u00e1mbito de la educaci\u00f3n formal. Para ello, utilizamos una metodolog\u00eda de acci\u00f3n y feminista, apoyada en procesos de participaci\u00f3n y di\u00e1logo, empleando como marco el \u00e1mbito de la pr\u00e1ctica art\u00edstica. Se emplean modos de hacer propios de la creaci\u00f3n contempor\u00e1nea, como son los del ensayo en su vertiente m\u00e1s experimental y el del dise\u00f1o gr\u00e1fico en su vertiente m\u00e1s cr\u00edtica.<\/p>\n<p>Partiendo de la pregunta de Marina Garc\u00e9s \u2018\u00bfC\u00f3mo queremos ser educadas?\u2019 que recogemos del libro \u2018Escola d\u2019aprenents\u2019, la motivaci\u00f3n de la propuesta es escuchar y atender las respuestas del alumnado con el objetivo de que se lean como agentes activos e imprescindibles en las transformaciones sociales. De este modo, nuestro objetivo es proporcionarles desde los lenguajes de la creaci\u00f3n art\u00edstica contempor\u00e1nea las herramientas necesarias para empoderarlas como sujetos cr\u00edticos y pol\u00edticos.<\/p>\n<p>A nivel conceptual, nos apoyamos principalmente en el pensamiento de la fil\u00f3sofa contempor\u00e1nea Marina Garc\u00e9s, tomando como punto de partida el manifiesto que escribi\u00f3 para l\u2019Escola de Massana y que fue dise\u00f1ado por el estudio Bendita Gloria. Hemos escogido concretamente esta publicaci\u00f3n, puesto que consideramos que es un ejemplo perfecto de dise\u00f1o y pensamiento cr\u00edtico; adem\u00e1s de tener una extensi\u00f3n y lenguaje adecuado para el alumnado.<\/p>\n<p>La propuesta dirigida a centros de secundaria, se divide en tres fases de trabajo: una primera fase en la que introduciremos los conceptos que atraviesan toda la propuesta (pensamiento, ensayo y educaci\u00f3n); una segunda en la que profundizaremos y experimentaremos con la idea de ensayo (ensayo textual, ensayo audiovisual, ensayo corporal y ensayo sonoro) y, una \u00faltima fase en la que generamos un ensayo colaborativo experimental, que tomar\u00e1 forma de revista y ser\u00e1 pensada, dise\u00f1ada y mediada por el propio alumnado.[\/vc_column_text][\/vc_column_inner][\/vc_row_inner][vc_row_inner el_class=\u00bbfila-contenido-prj\u00bb][vc_column_inner el_class=\u00bb-col-titulo-info-proyecto\u00bb width=\u00bb1\/6&#8243;][vc_column_text]<strong>Redes sociales:<\/strong>[\/vc_column_text][\/vc_column_inner][vc_column_inner width=\u00bb5\/6&#8243;]<style type=\"text\/css\" data-type=\"the7_shortcodes-inline-css\">.dt-shortcode-soc-icons.soc-icons-ee5f98c060ba5f8d9bd732d23d07248b a {\n  margin-right: 6px;\n}\n.dt-shortcode-soc-icons a.soc-icons-ee5f98c060ba5f8d9bd732d23d07248b {\n  margin-right: 6px;\n}\n.dt-shortcode-soc-icons a.soc-icons-ee5f98c060ba5f8d9bd732d23d07248b:last-child {\n  margin-right: 0;\n}\n.dt-shortcode-soc-icons a.soc-icons-ee5f98c060ba5f8d9bd732d23d07248b:before,\n.dt-shortcode-soc-icons a.soc-icons-ee5f98c060ba5f8d9bd732d23d07248b:after {\n  padding: inherit;\n}\n.dt-shortcode-soc-icons a.soc-icons-ee5f98c060ba5f8d9bd732d23d07248b.dt-icon-border-on:before {\n  border:  solid ;\n}\n.dt-shortcode-soc-icons a.soc-icons-ee5f98c060ba5f8d9bd732d23d07248b.dt-icon-hover-border-on:after {\n  border:  solid ;\n}<\/style><div class=\"dt-shortcode-soc-icons  soc-icons-ee5f98c060ba5f8d9bd732d23d07248b soc-icons-left \" ><style type=\"text\/css\" data-type=\"the7_shortcodes-inline-css\">.dt-shortcode-soc-icons a.single-soc-icon-c1ee3a32d776c8914261404e91dee0a5 {\n  min-width: 28px;\n  min-height: 28px;\n  font-size: 18px;\n  border-radius: 100px;\n}\n.dt-shortcode-soc-icons a.single-soc-icon-c1ee3a32d776c8914261404e91dee0a5:last-child {\n  margin-right: 0;\n}\n.dt-shortcode-soc-icons a.single-soc-icon-c1ee3a32d776c8914261404e91dee0a5:before,\n.dt-shortcode-soc-icons a.single-soc-icon-c1ee3a32d776c8914261404e91dee0a5:after {\n  min-width: 28px;\n  min-height: 28px;\n  padding: inherit;\n}\n#page .dt-shortcode-soc-icons a.single-soc-icon-c1ee3a32d776c8914261404e91dee0a5.dt-icon-bg-on:before,\n#phantom .dt-shortcode-soc-icons a.single-soc-icon-c1ee3a32d776c8914261404e91dee0a5.dt-icon-bg-on:before {\n  background: #ffffff;\n}\n.dt-shortcode-soc-icons a.single-soc-icon-c1ee3a32d776c8914261404e91dee0a5.dt-icon-border-on:before {\n  border: 1px solid #000000;\n}\n.dt-shortcode-soc-icons a.single-soc-icon-c1ee3a32d776c8914261404e91dee0a5.dt-icon-hover-border-on:after {\n  border: 1px solid #000000;\n}\n.dt-shortcode-soc-icons a.single-soc-icon-c1ee3a32d776c8914261404e91dee0a5:hover {\n  font-size: 18px;\n}\n#page .dt-shortcode-soc-icons a.single-soc-icon-c1ee3a32d776c8914261404e91dee0a5:hover .soc-font-icon,\n#phantom .dt-shortcode-soc-icons a.single-soc-icon-c1ee3a32d776c8914261404e91dee0a5:hover .soc-font-icon,\n#page .dt-shortcode-soc-icons a.single-soc-icon-c1ee3a32d776c8914261404e91dee0a5:hover .soc-icon,\n#phantom .dt-shortcode-soc-icons a.single-soc-icon-c1ee3a32d776c8914261404e91dee0a5:hover .soc-icon {\n  color: #ffffff;\n  background: none;\n}\n#page .dt-shortcode-soc-icons a.single-soc-icon-c1ee3a32d776c8914261404e91dee0a5.dt-icon-hover-bg-on:after,\n#phantom .dt-shortcode-soc-icons a.single-soc-icon-c1ee3a32d776c8914261404e91dee0a5.dt-icon-hover-bg-on:after {\n  background: #000000;\n}\n#page .dt-shortcode-soc-icons a.single-soc-icon-c1ee3a32d776c8914261404e91dee0a5:not(:hover) .soc-font-icon,\n#phantom .dt-shortcode-soc-icons a.single-soc-icon-c1ee3a32d776c8914261404e91dee0a5:not(:hover) .soc-font-icon,\n#page .dt-shortcode-soc-icons a.single-soc-icon-c1ee3a32d776c8914261404e91dee0a5:not(:hover) .soc-icon,\n#phantom .dt-shortcode-soc-icons a.single-soc-icon-c1ee3a32d776c8914261404e91dee0a5:not(:hover) .soc-icon {\n  color: #000000;\n  background: none;\n}\n.dt-shortcode-soc-icons a.single-soc-icon-c1ee3a32d776c8914261404e91dee0a5 .soc-font-icon,\n.dt-shortcode-soc-icons a.single-soc-icon-c1ee3a32d776c8914261404e91dee0a5 .soc-icon {\n  font-size: 18px;\n}<\/style><a title=\"Instagram\" href=\"https:\/\/www.instagram.com\/elenasanmartin_\/?igshid=YmMyMTA2M2Y%3D\" target=\"_blank\" rel=\"nofollow\" class=\"instagram single-soc-icon-c1ee3a32d776c8914261404e91dee0a5 dt-icon-bg-on dt-icon-border-on dt-icon-hover-border-on dt-icon-hover-bg-on\"><i class=\"soc-icon soc-font-icon dt-icon-instagram\"><\/i><span class=\"screen-reader-text\">Instagram<\/span><\/a><style type=\"text\/css\" data-type=\"the7_shortcodes-inline-css\">.dt-shortcode-soc-icons a.single-soc-icon-5a191fdd331b754272dcbf45d5f0233c {\n  min-width: 28px;\n  min-height: 28px;\n  font-size: 18px;\n  border-radius: 100px;\n}\n.dt-shortcode-soc-icons a.single-soc-icon-5a191fdd331b754272dcbf45d5f0233c:last-child {\n  margin-right: 0;\n}\n.dt-shortcode-soc-icons a.single-soc-icon-5a191fdd331b754272dcbf45d5f0233c:before,\n.dt-shortcode-soc-icons a.single-soc-icon-5a191fdd331b754272dcbf45d5f0233c:after {\n  min-width: 28px;\n  min-height: 28px;\n  padding: inherit;\n}\n#page .dt-shortcode-soc-icons a.single-soc-icon-5a191fdd331b754272dcbf45d5f0233c.dt-icon-bg-on:before,\n#phantom .dt-shortcode-soc-icons a.single-soc-icon-5a191fdd331b754272dcbf45d5f0233c.dt-icon-bg-on:before {\n  background: #ffffff;\n}\n.dt-shortcode-soc-icons a.single-soc-icon-5a191fdd331b754272dcbf45d5f0233c.dt-icon-border-on:before {\n  border: 1px solid #000000;\n}\n.dt-shortcode-soc-icons a.single-soc-icon-5a191fdd331b754272dcbf45d5f0233c.dt-icon-hover-border-on:after {\n  border: 1px solid #000000;\n}\n.dt-shortcode-soc-icons a.single-soc-icon-5a191fdd331b754272dcbf45d5f0233c:hover {\n  font-size: 18px;\n}\n#page .dt-shortcode-soc-icons a.single-soc-icon-5a191fdd331b754272dcbf45d5f0233c:hover .soc-font-icon,\n#phantom .dt-shortcode-soc-icons a.single-soc-icon-5a191fdd331b754272dcbf45d5f0233c:hover .soc-font-icon,\n#page .dt-shortcode-soc-icons a.single-soc-icon-5a191fdd331b754272dcbf45d5f0233c:hover .soc-icon,\n#phantom .dt-shortcode-soc-icons a.single-soc-icon-5a191fdd331b754272dcbf45d5f0233c:hover .soc-icon {\n  color: #ffffff;\n  background: none;\n}\n#page .dt-shortcode-soc-icons a.single-soc-icon-5a191fdd331b754272dcbf45d5f0233c.dt-icon-hover-bg-on:after,\n#phantom .dt-shortcode-soc-icons a.single-soc-icon-5a191fdd331b754272dcbf45d5f0233c.dt-icon-hover-bg-on:after {\n  background: #000000;\n}\n#page .dt-shortcode-soc-icons a.single-soc-icon-5a191fdd331b754272dcbf45d5f0233c:not(:hover) .soc-font-icon,\n#phantom .dt-shortcode-soc-icons a.single-soc-icon-5a191fdd331b754272dcbf45d5f0233c:not(:hover) .soc-font-icon,\n#page .dt-shortcode-soc-icons a.single-soc-icon-5a191fdd331b754272dcbf45d5f0233c:not(:hover) .soc-icon,\n#phantom .dt-shortcode-soc-icons a.single-soc-icon-5a191fdd331b754272dcbf45d5f0233c:not(:hover) .soc-icon {\n  color: #000000;\n  background: none;\n}\n.dt-shortcode-soc-icons a.single-soc-icon-5a191fdd331b754272dcbf45d5f0233c .soc-font-icon,\n.dt-shortcode-soc-icons a.single-soc-icon-5a191fdd331b754272dcbf45d5f0233c .soc-icon {\n  font-size: 18px;\n}<\/style><a title=\"Instagram\" href=\"https:\/\/www.instagram.com\/elenarocamora\/\" target=\"_blank\" rel=\"nofollow\" class=\"instagram single-soc-icon-5a191fdd331b754272dcbf45d5f0233c dt-icon-bg-on dt-icon-border-on dt-icon-hover-border-on dt-icon-hover-bg-on\"><i class=\"soc-icon soc-font-icon dt-icon-instagram\"><\/i><span class=\"screen-reader-text\">Instagram<\/span><\/a><style type=\"text\/css\" data-type=\"the7_shortcodes-inline-css\">.dt-shortcode-soc-icons a.single-soc-icon-59780b6e06b687233f621fa9bea0b647 {\n  min-width: 28px;\n  min-height: 28px;\n  font-size: 18px;\n  border-radius: 100px;\n}\n.dt-shortcode-soc-icons a.single-soc-icon-59780b6e06b687233f621fa9bea0b647:last-child {\n  margin-right: 0;\n}\n.dt-shortcode-soc-icons a.single-soc-icon-59780b6e06b687233f621fa9bea0b647:before,\n.dt-shortcode-soc-icons a.single-soc-icon-59780b6e06b687233f621fa9bea0b647:after {\n  min-width: 28px;\n  min-height: 28px;\n  padding: inherit;\n}\n#page .dt-shortcode-soc-icons a.single-soc-icon-59780b6e06b687233f621fa9bea0b647.dt-icon-bg-on:before,\n#phantom .dt-shortcode-soc-icons a.single-soc-icon-59780b6e06b687233f621fa9bea0b647.dt-icon-bg-on:before {\n  background: #ffffff;\n}\n.dt-shortcode-soc-icons a.single-soc-icon-59780b6e06b687233f621fa9bea0b647.dt-icon-border-on:before {\n  border: 1px solid #000000;\n}\n.dt-shortcode-soc-icons a.single-soc-icon-59780b6e06b687233f621fa9bea0b647.dt-icon-hover-border-on:after {\n  border: 1px solid #000000;\n}\n.dt-shortcode-soc-icons a.single-soc-icon-59780b6e06b687233f621fa9bea0b647:hover {\n  font-size: 18px;\n}\n#page .dt-shortcode-soc-icons a.single-soc-icon-59780b6e06b687233f621fa9bea0b647:hover .soc-font-icon,\n#phantom .dt-shortcode-soc-icons a.single-soc-icon-59780b6e06b687233f621fa9bea0b647:hover .soc-font-icon,\n#page .dt-shortcode-soc-icons a.single-soc-icon-59780b6e06b687233f621fa9bea0b647:hover .soc-icon,\n#phantom .dt-shortcode-soc-icons a.single-soc-icon-59780b6e06b687233f621fa9bea0b647:hover .soc-icon {\n  color: #ffffff;\n  background: none;\n}\n#page .dt-shortcode-soc-icons a.single-soc-icon-59780b6e06b687233f621fa9bea0b647.dt-icon-hover-bg-on:after,\n#phantom .dt-shortcode-soc-icons a.single-soc-icon-59780b6e06b687233f621fa9bea0b647.dt-icon-hover-bg-on:after {\n  background: #000000;\n}\n#page .dt-shortcode-soc-icons a.single-soc-icon-59780b6e06b687233f621fa9bea0b647:not(:hover) .soc-font-icon,\n#phantom .dt-shortcode-soc-icons a.single-soc-icon-59780b6e06b687233f621fa9bea0b647:not(:hover) .soc-font-icon,\n#page .dt-shortcode-soc-icons a.single-soc-icon-59780b6e06b687233f621fa9bea0b647:not(:hover) .soc-icon,\n#phantom .dt-shortcode-soc-icons a.single-soc-icon-59780b6e06b687233f621fa9bea0b647:not(:hover) .soc-icon {\n  color: #000000;\n  background: none;\n}\n.dt-shortcode-soc-icons a.single-soc-icon-59780b6e06b687233f621fa9bea0b647 .soc-font-icon,\n.dt-shortcode-soc-icons a.single-soc-icon-59780b6e06b687233f621fa9bea0b647 .soc-icon {\n  font-size: 18px;\n}<\/style><a title=\"Instagram\" href=\"https:\/\/www.instagram.com\/elasticaas\/\" target=\"_blank\" rel=\"nofollow\" class=\"instagram single-soc-icon-59780b6e06b687233f621fa9bea0b647 dt-icon-bg-on dt-icon-border-on dt-icon-hover-border-on dt-icon-hover-bg-on\"><i class=\"soc-icon soc-font-icon dt-icon-instagram\"><\/i><span class=\"screen-reader-text\">Instagram<\/span><\/a><\/div>[\/vc_column_inner][\/vc_row_inner][vc_row_inner][vc_column_inner el_class=\u00bb-col-titulo-info-proyecto\u00bb width=\u00bb1\/6&#8243;][vc_column_text]<strong>Bio:<\/strong>[\/vc_column_text][\/vc_column_inner][vc_column_inner width=\u00bb5\/6&#8243;][vc_column_text]<strong>El\u00e1stica<\/strong>\u00a0es una asociaci\u00f3n formada por artistas, investigadoras, educadoras, mediadoras y gestoras culturales. Al cuidado del proyecto No volem saber se encuentran Elena Rocamora Sotos y Elena Sanmart\u00edn.<\/p>\n<p><strong>Elena Rocamora Sotos<\/strong>\u00a0(Elche, 1996) es una artista, investigadora y educadora que vive en Valencia, donde principalmente se dedica a compartir la vida con las personas a las que quiere y a leer. Est\u00e1 graduada en Bellas Artes (UPV) y ha realizado el m\u00e1ster de Producci\u00f3n Art\u00edstica en la especialidad Pensamiento Contempor\u00e1neo y Cultura Visual (UPV) y el m\u00e1ster de Profesora de Secundaria (UV). En la actualidad est\u00e1 desarrollando su tesis en la UPV.<\/p>\n<p><strong>Elena Sanmart\u00edn Hern\u00e1ndez<\/strong>\u00a0(Torrevieja, 1996) sit\u00faa su pr\u00e1ctica en la bisectriz entre la mediaci\u00f3n, la educaci\u00f3n y creaci\u00f3n art\u00edstica contempor\u00e1nea. Le interesa explorar los modos de traducir y trasladar las metodolog\u00edas de la creaci\u00f3n art\u00edstica contempor\u00e1nea en herramientas \u00fatiles para la comprensi\u00f3n y la resoluci\u00f3n de los problemas y retos contempor\u00e1neos. Es graduada en Bellas Artes (UPV), ha realizado el M\u00e1ster Permea: Educaci\u00f3n y Mediaci\u00f3n a trav\u00e9s del Arte (CMCV y UV) y el M\u00e1ster Universitario en Historia del Arte Contempor\u00e1neo y Cultura Visual (UCM y MNCARS).[\/vc_column_text][\/vc_column_inner][\/vc_row_inner][vc_empty_space height=\u00bb15px\u00bb][vc_empty_space height=\u00bb15px\u00bb][\/vc_column][\/vc_row][vc_row][vc_column][vc_separator color=\u00bbblack\u00bb border_width=\u00bb2&#8243;][\/vc_column][\/vc_row][vc_row el_class=\u00bbcontenido-proyecto\u00bb][vc_column width=\u00bb1\/6&#8243;][vc_column_text]<strong>Documentaci\u00f3n gr\u00e1fica:<\/strong>[\/vc_column_text][vc_empty_space height=\u00bb15px\u00bb][\/vc_column][vc_column width=\u00bb5\/6&#8243;]<style type=\"text\/css\" data-type=\"the7_shortcodes-inline-css\">.gallery-shortcode.gallery-masonry-shortcode-id-620a4678f3f4ac92806530ce863261af figure,\n.gallery-shortcode.gallery-masonry-shortcode-id-620a4678f3f4ac92806530ce863261af .rollover,\n.gallery-shortcode.gallery-masonry-shortcode-id-620a4678f3f4ac92806530ce863261af img,\n.gallery-shortcode.gallery-masonry-shortcode-id-620a4678f3f4ac92806530ce863261af .gallery-rollover {\n  border-radius: 0px;\n}\n.gallery-shortcode.gallery-masonry-shortcode-id-620a4678f3f4ac92806530ce863261af.enable-bg-rollover .gallery-rollover {\n  background: -webkit-linear-gradient();\n  background: linear-gradient();\n}\n.gallery-shortcode.gallery-masonry-shortcode-id-620a4678f3f4ac92806530ce863261af.enable-bg-rollover.hover-scale figure .rollover:after {\n  background: -webkit-linear-gradient();\n  background: linear-gradient();\n}\n.gallery-shortcode.gallery-masonry-shortcode-id-620a4678f3f4ac92806530ce863261af .gallery-zoom-ico {\n  width: 44px;\n  height: 44px;\n  line-height: 44px;\n  border-radius: 100px;\n  margin: -22px 0 0 -22px;\n  border-width: 0px;\n  color: #ffffff;\n}\n.dt-icon-bg-on.gallery-shortcode.gallery-masonry-shortcode-id-620a4678f3f4ac92806530ce863261af .gallery-zoom-ico {\n  background: rgba(255,255,255,0.3);\n  box-shadow: none;\n}\n.gallery-shortcode.gallery-masonry-shortcode-id-620a4678f3f4ac92806530ce863261af .gallery-zoom-ico:before,\n.gallery-shortcode.gallery-masonry-shortcode-id-620a4678f3f4ac92806530ce863261af .gallery-zoom-ico span {\n  font-size: 32px;\n  line-height: 44px;\n  color: #ffffff;\n}\n.gallery-shortcode.gallery-masonry-shortcode-id-620a4678f3f4ac92806530ce863261af:not(.resize-by-browser-width) .dt-css-grid {\n  grid-row-gap: 10px;\n  grid-column-gap: 10px;\n  grid-template-columns: repeat(auto-fill,minmax(,1fr));\n}\n.gallery-shortcode.gallery-masonry-shortcode-id-620a4678f3f4ac92806530ce863261af:not(.resize-by-browser-width) .dt-css-grid .double-width {\n  grid-column: span 2;\n}\n.cssgridlegacy.no-cssgrid .gallery-shortcode.gallery-masonry-shortcode-id-620a4678f3f4ac92806530ce863261af:not(.resize-by-browser-width) .dt-css-grid,\n.no-cssgridlegacy.no-cssgrid .gallery-shortcode.gallery-masonry-shortcode-id-620a4678f3f4ac92806530ce863261af:not(.resize-by-browser-width) .dt-css-grid {\n  display: flex;\n  flex-flow: row wrap;\n  margin: -5px;\n}\n.cssgridlegacy.no-cssgrid .gallery-shortcode.gallery-masonry-shortcode-id-620a4678f3f4ac92806530ce863261af:not(.resize-by-browser-width) .dt-css-grid .wf-cell,\n.no-cssgridlegacy.no-cssgrid .gallery-shortcode.gallery-masonry-shortcode-id-620a4678f3f4ac92806530ce863261af:not(.resize-by-browser-width) .dt-css-grid .wf-cell {\n  flex: 1 0 ;\n  max-width: 100%;\n  padding: 5px;\n  box-sizing: border-box;\n}\n.gallery-shortcode.gallery-masonry-shortcode-id-620a4678f3f4ac92806530ce863261af.resize-by-browser-width .dt-css-grid {\n  grid-template-columns: repeat(3,1fr);\n  grid-template-rows: auto;\n  grid-column-gap: 10px;\n  grid-row-gap: 10px;\n}\n.gallery-shortcode.gallery-masonry-shortcode-id-620a4678f3f4ac92806530ce863261af.resize-by-browser-width .dt-css-grid .double-width {\n  grid-column: span 2;\n}\n.cssgridlegacy.no-cssgrid .gallery-shortcode.gallery-masonry-shortcode-id-620a4678f3f4ac92806530ce863261af.resize-by-browser-width .dt-css-grid {\n  margin: -5px;\n}\n.cssgridlegacy.no-cssgrid .gallery-shortcode.gallery-masonry-shortcode-id-620a4678f3f4ac92806530ce863261af.resize-by-browser-width .dt-css-grid .wf-cell {\n  width: 33.333333333333%;\n  padding: 5px;\n}\n.cssgridlegacy.no-cssgrid .gallery-shortcode.gallery-masonry-shortcode-id-620a4678f3f4ac92806530ce863261af.resize-by-browser-width .dt-css-grid .wf-cell.double-width {\n  width: calc(33.333333333333%) * 2;\n}\n.gallery-shortcode.gallery-masonry-shortcode-id-620a4678f3f4ac92806530ce863261af.resize-by-browser-width:not(.centered-layout-list):not(.content-bg-on) .dt-css-grid {\n  grid-row-gap: 10px - ;\n}\n@media screen and (max-width: 1199px) {\n  .gallery-shortcode.gallery-masonry-shortcode-id-620a4678f3f4ac92806530ce863261af.resize-by-browser-width .dt-css-grid {\n    grid-template-columns: repeat(3,1fr);\n  }\n  .cssgridlegacy.no-cssgrid .gallery-shortcode.gallery-masonry-shortcode-id-620a4678f3f4ac92806530ce863261af.resize-by-browser-width .dt-css-grid .wf-cell,\n  .no-cssgridlegacy.no-cssgrid .gallery-shortcode.gallery-masonry-shortcode-id-620a4678f3f4ac92806530ce863261af.resize-by-browser-width .dt-css-grid .wf-cell {\n    width: 33.333333333333%;\n  }\n  .cssgridlegacy.no-cssgrid .gallery-shortcode.gallery-masonry-shortcode-id-620a4678f3f4ac92806530ce863261af.resize-by-browser-width .dt-css-grid .wf-cell.double-width,\n  .no-cssgridlegacy.no-cssgrid .gallery-shortcode.gallery-masonry-shortcode-id-620a4678f3f4ac92806530ce863261af.resize-by-browser-width .dt-css-grid .wf-cell.double-width {\n    width: calc(33.333333333333%)*2;\n  }\n}\n@media screen and (max-width: 991px) {\n  .gallery-shortcode.gallery-masonry-shortcode-id-620a4678f3f4ac92806530ce863261af.resize-by-browser-width .dt-css-grid {\n    grid-template-columns: repeat(2,1fr);\n  }\n  .cssgridlegacy.no-cssgrid .gallery-shortcode.gallery-masonry-shortcode-id-620a4678f3f4ac92806530ce863261af.resize-by-browser-width .dt-css-grid .wf-cell,\n  .no-cssgridlegacy.no-cssgrid .gallery-shortcode.gallery-masonry-shortcode-id-620a4678f3f4ac92806530ce863261af.resize-by-browser-width .dt-css-grid .wf-cell {\n    width: 50%;\n  }\n  .cssgridlegacy.no-cssgrid .gallery-shortcode.gallery-masonry-shortcode-id-620a4678f3f4ac92806530ce863261af.resize-by-browser-width .dt-css-grid .wf-cell.double-width,\n  .no-cssgridlegacy.no-cssgrid .gallery-shortcode.gallery-masonry-shortcode-id-620a4678f3f4ac92806530ce863261af.resize-by-browser-width .dt-css-grid .wf-cell.double-width {\n    width: calc(50%)*2;\n  }\n}\n@media screen and (max-width: 767px) {\n  .gallery-shortcode.gallery-masonry-shortcode-id-620a4678f3f4ac92806530ce863261af.resize-by-browser-width .dt-css-grid {\n    grid-template-columns: repeat(1,1fr);\n  }\n  .cssgridlegacy.no-cssgrid .gallery-shortcode.gallery-masonry-shortcode-id-620a4678f3f4ac92806530ce863261af.resize-by-browser-width .dt-css-grid .wf-cell,\n  .no-cssgridlegacy.no-cssgrid .gallery-shortcode.gallery-masonry-shortcode-id-620a4678f3f4ac92806530ce863261af.resize-by-browser-width .dt-css-grid .wf-cell {\n    width: 100%;\n  }\n  .cssgridlegacy.no-cssgrid .gallery-shortcode.gallery-masonry-shortcode-id-620a4678f3f4ac92806530ce863261af.resize-by-browser-width .dt-css-grid .wf-cell.double-width,\n  .no-cssgridlegacy.no-cssgrid .gallery-shortcode.gallery-masonry-shortcode-id-620a4678f3f4ac92806530ce863261af.resize-by-browser-width .dt-css-grid .wf-cell.double-width {\n    width: calc(100%)*2;\n  }\n}<\/style><div class=\"gallery-shortcode dt-gallery-container gallery-masonry-shortcode-id-620a4678f3f4ac92806530ce863261af mode-masonry jquery-filter dt-icon-bg-off quick-scale-img enable-bg-rollover resize-by-browser-width  hover-fade loading-effect-none description-on-hover\" data-padding=\"5px\" data-cur-page=\"1\" data-post-limit=\"-1\" data-pagination-mode=\"none\" data-desktop-columns-num=\"3\" data-v-tablet-columns-num=\"2\" data-h-tablet-columns-num=\"3\" data-phone-columns-num=\"1\" data-width=\"0px\" data-columns=\"0\"><div class=\"iso-container\" ><div class=\"wf-cell iso-item\" data-post-id=\"3575\" data-date=\"2023-06-07T09:18:00+02:00\" data-name=\"Equipo_Elastica-asociaci\u00f3n\"><figure class=\"post visible\"><a href=\"https:\/\/resistencies.consorcimuseus.gva.es\/wp-content\/uploads\/2023\/06\/Equipo_Elastica-asociacion.jpg\" class=\"rollover dt-pswp-item layzr-bg\" data-large_image_width=\"1000\" data-large_image_height=\"667\" data-dt-img-description=\"\" title=\"Equipo_Elastica-asociaci\u00f3n\"><img fetchpriority=\"high\" decoding=\"async\" class=\"preload-me iso-lazy-load aspect\" src=\"data:image\/svg+xml,%3Csvg%20xmlns%3D&#39;http%3A%2F%2Fwww.w3.org%2F2000%2Fsvg&#39;%20viewBox%3D&#39;0%200%20768%20576&#39;%2F%3E\" data-src=\"https:\/\/resistencies.consorcimuseus.gva.es\/wp-content\/uploads\/2023\/06\/Equipo_Elastica-asociacion-768x576.jpg\" data-srcset=\"https:\/\/resistencies.consorcimuseus.gva.es\/wp-content\/uploads\/2023\/06\/Equipo_Elastica-asociacion-768x576.jpg 768w, https:\/\/resistencies.consorcimuseus.gva.es\/wp-content\/uploads\/2023\/06\/Equipo_Elastica-asociacion-889x667.jpg 889w\" loading=\"eager\" style=\"--ratio: 768 \/ 576\" sizes=\"(max-width: 768px) 100vw, 768px\" alt=\"\" width=\"768\" height=\"576\"  \/><span class=\"gallery-rollover\"><span class=\"gallery-zoom-ico icomoon-the7-font-the7-zoom-06\"><span><\/span><\/span><\/span><\/a><\/figure><\/div><\/div><!-- iso-container|iso-grid --><\/div>[\/vc_column][\/vc_row][vc_row][vc_column][vc_separator color=\u00bbblack\u00bb border_width=\u00bb2&#8243;][\/vc_column][\/vc_row]<\/p>\n<\/div>","protected":false},"excerpt":{"rendered":"<p>[vc_row][vc_column][vc_separator color=\u00bbblack\u00bb border_width=\u00bb2&#8243;][\/vc_column][\/vc_row][vc_row][vc_column][vc_row_inner el_class=\u00bbfila-contenido-prj\u00bb][vc_column_inner el_class=\u00bb-col-titulo-info-proyecto\u00bb width=\u00bb1\/6&#8243;][vc_column_text]Convocatoria:[\/vc_column_text][\/vc_column_inner][vc_column_inner width=\u00bb5\/6&#8243;][vc_column_text]2022-2023[\/vc_column_text][\/vc_column_inner][\/vc_row_inner][vc_row_inner el_class=\u00bbfila-contenido-prj\u00bb][vc_column_inner el_class=\u00bb-col-titulo-info-proyecto\u00bb width=\u00bb1\/6&#8243;][vc_column_text]Conceptos clave:[\/vc_column_text][\/vc_column_inner][vc_column_inner width=\u00bb5\/6&#8243;][vc_column_text]Ensayo experimental, arte contempor\u00e1neo, educaci\u00f3n art\u00edstica, pensamiento cr\u00edtico y emancipaci\u00f3n[\/vc_column_text][\/vc_column_inner][\/vc_row_inner][vc_row_inner el_class=\u00bbfila-contenido-prj\u00bb][vc_column_inner el_class=\u00bb-col-titulo-info-proyecto\u00bb width=\u00bb1\/6&#8243;][vc_column_text]Nivel educativo:[\/vc_column_text][\/vc_column_inner][vc_column_inner width=\u00bb5\/6&#8243;][vc_column_text]Secundaria[\/vc_column_text][\/vc_column_inner][\/vc_row_inner][vc_row_inner el_class=\u00bbfila-contenido-prj\u00bb][vc_column_inner el_class=\u00bb-col-titulo-info-proyecto\u00bb width=\u00bb1\/6&#8243;][vc_column_text]T\u00edtulo proyecto:[\/vc_column_text][\/vc_column_inner][vc_column_inner width=\u00bb5\/6&#8243;][vc_column_text]No volem saber. Ensayo art\u00edstico experimental para una educaci\u00f3n cr\u00edtica[\/vc_column_text][\/vc_column_inner][\/vc_row_inner][vc_row_inner el_class=\u00bbfila-contenido-prj\u00bb][vc_column_inner el_class=\u00bb-col-titulo-info-proyecto\u00bb width=\u00bb1\/6&#8243;][vc_column_text]Artista\/s:[\/vc_column_text][\/vc_column_inner][vc_column_inner width=\u00bb5\/6&#8243;][vc_column_text] Elena Sanmart\u00edn Hern\u00e1ndez y Elena Rocamora Sotos (El\u00e1stica Asociaci\u00f3n) [\/vc_column_text][\/vc_column_inner][\/vc_row_inner][vc_row_inner el_class=\u00bbfila-contenido-prj\u00bb][vc_column_inner&hellip;<\/p>\n","protected":false},"author":3,"featured_media":3576,"comment_status":"closed","ping_status":"open","sticky":false,"template":"","format":"standard","meta":{"footnotes":""},"categories":[66,67,70],"tags":[114,105,102],"class_list":["post-3579","post","type-post","status-publish","format-standard","has-post-thumbnail","hentry","category-arquitecturas-ludicas","category-procesos-de-alfabetizacion","category-saberes-otros","tag-2022-2023-es","tag-secundaria-es","tag-valencia-es","category-66","category-67","category-70","description-off"],"yoast_head":"<!-- This site is optimized with the Yoast SEO plugin v27.3 - https:\/\/yoast.com\/product\/yoast-seo-wordpress\/ -->\n<title>No volem saber. Ensayo art\u00edstico experimental para una educaci\u00f3n cr\u00edtica - Resist\u00e8ncies Art\u00edstiques CMCV<\/title>\n<meta name=\"robots\" content=\"index, follow, max-snippet:-1, max-image-preview:large, max-video-preview:-1\" \/>\n<link rel=\"canonical\" href=\"https:\/\/resistencies.consorcimuseus.gva.es\/es\/no-volem-saber-ensayo-artistico-experimental-para-una-educacion-critica\/\" \/>\n<meta property=\"og:locale\" content=\"es_ES\" \/>\n<meta property=\"og:type\" content=\"article\" \/>\n<meta property=\"og:title\" content=\"No volem saber. Ensayo art\u00edstico experimental para una educaci\u00f3n cr\u00edtica - Resist\u00e8ncies Art\u00edstiques CMCV\" \/>\n<meta property=\"og:description\" content=\"[vc_row][vc_column][vc_separator color=\u00bbblack\u00bb border_width=\u00bb2&#8243;][\/vc_column][\/vc_row][vc_row][vc_column][vc_row_inner el_class=\u00bbfila-contenido-prj\u00bb][vc_column_inner el_class=\u00bb-col-titulo-info-proyecto\u00bb width=\u00bb1\/6&#8243;][vc_column_text]Convocatoria:[\/vc_column_text][\/vc_column_inner][vc_column_inner width=\u00bb5\/6&#8243;][vc_column_text]2022-2023[\/vc_column_text][\/vc_column_inner][\/vc_row_inner][vc_row_inner el_class=\u00bbfila-contenido-prj\u00bb][vc_column_inner el_class=\u00bb-col-titulo-info-proyecto\u00bb width=\u00bb1\/6&#8243;][vc_column_text]Conceptos clave:[\/vc_column_text][\/vc_column_inner][vc_column_inner width=\u00bb5\/6&#8243;][vc_column_text]Ensayo experimental, arte contempor\u00e1neo, educaci\u00f3n art\u00edstica, pensamiento cr\u00edtico y emancipaci\u00f3n[\/vc_column_text][\/vc_column_inner][\/vc_row_inner][vc_row_inner el_class=\u00bbfila-contenido-prj\u00bb][vc_column_inner el_class=\u00bb-col-titulo-info-proyecto\u00bb width=\u00bb1\/6&#8243;][vc_column_text]Nivel educativo:[\/vc_column_text][\/vc_column_inner][vc_column_inner width=\u00bb5\/6&#8243;][vc_column_text]Secundaria[\/vc_column_text][\/vc_column_inner][\/vc_row_inner][vc_row_inner el_class=\u00bbfila-contenido-prj\u00bb][vc_column_inner el_class=\u00bb-col-titulo-info-proyecto\u00bb width=\u00bb1\/6&#8243;][vc_column_text]T\u00edtulo proyecto:[\/vc_column_text][\/vc_column_inner][vc_column_inner width=\u00bb5\/6&#8243;][vc_column_text]No volem saber. Ensayo art\u00edstico experimental para una educaci\u00f3n cr\u00edtica[\/vc_column_text][\/vc_column_inner][\/vc_row_inner][vc_row_inner el_class=\u00bbfila-contenido-prj\u00bb][vc_column_inner el_class=\u00bb-col-titulo-info-proyecto\u00bb width=\u00bb1\/6&#8243;][vc_column_text]Artista\/s:[\/vc_column_text][\/vc_column_inner][vc_column_inner width=\u00bb5\/6&#8243;][vc_column_text] Elena Sanmart\u00edn Hern\u00e1ndez y Elena Rocamora Sotos (El\u00e1stica Asociaci\u00f3n) [\/vc_column_text][\/vc_column_inner][\/vc_row_inner][vc_row_inner el_class=\u00bbfila-contenido-prj\u00bb][vc_column_inner&hellip;\" \/>\n<meta property=\"og:url\" content=\"https:\/\/resistencies.consorcimuseus.gva.es\/es\/no-volem-saber-ensayo-artistico-experimental-para-una-educacion-critica\/\" \/>\n<meta property=\"og:site_name\" content=\"Resist\u00e8ncies Art\u00edstiques CMCV\" \/>\n<meta property=\"article:published_time\" content=\"2023-06-07T07:33:14+00:00\" \/>\n<meta property=\"og:image\" content=\"https:\/\/resistencies.consorcimuseus.gva.es\/wp-content\/uploads\/2023\/06\/Premsa_No-volem-saber-1024x1024-1.jpg\" \/>\n\t<meta property=\"og:image:width\" content=\"1024\" \/>\n\t<meta property=\"og:image:height\" content=\"1024\" \/>\n\t<meta property=\"og:image:type\" content=\"image\/jpeg\" \/>\n<meta name=\"author\" content=\"Resist\u00e8ncies Art\u00edstiques CMCV\" \/>\n<meta name=\"twitter:card\" content=\"summary_large_image\" \/>\n<meta name=\"twitter:label1\" content=\"Escrito por\" \/>\n\t<meta name=\"twitter:data1\" content=\"Resist\u00e8ncies Art\u00edstiques CMCV\" \/>\n\t<meta name=\"twitter:label2\" content=\"Tiempo de lectura\" \/>\n\t<meta name=\"twitter:data2\" content=\"4 minutos\" \/>\n<script type=\"application\/ld+json\" class=\"yoast-schema-graph\">{\"@context\":\"https:\\\/\\\/schema.org\",\"@graph\":[{\"@type\":\"Article\",\"@id\":\"https:\\\/\\\/resistencies.consorcimuseus.gva.es\\\/es\\\/no-volem-saber-ensayo-artistico-experimental-para-una-educacion-critica\\\/#article\",\"isPartOf\":{\"@id\":\"https:\\\/\\\/resistencies.consorcimuseus.gva.es\\\/es\\\/no-volem-saber-ensayo-artistico-experimental-para-una-educacion-critica\\\/\"},\"author\":{\"name\":\"Resist\u00e8ncies Art\u00edstiques CMCV\",\"@id\":\"https:\\\/\\\/resistencies.consorcimuseus.gva.es\\\/#\\\/schema\\\/person\\\/a225775d4711c439879bd4d972b8d96d\"},\"headline\":\"No volem saber. Ensayo art\u00edstico experimental para una educaci\u00f3n cr\u00edtica\",\"datePublished\":\"2023-06-07T07:33:14+00:00\",\"mainEntityOfPage\":{\"@id\":\"https:\\\/\\\/resistencies.consorcimuseus.gva.es\\\/es\\\/no-volem-saber-ensayo-artistico-experimental-para-una-educacion-critica\\\/\"},\"wordCount\":1425,\"publisher\":{\"@id\":\"https:\\\/\\\/resistencies.consorcimuseus.gva.es\\\/#organization\"},\"image\":{\"@id\":\"https:\\\/\\\/resistencies.consorcimuseus.gva.es\\\/es\\\/no-volem-saber-ensayo-artistico-experimental-para-una-educacion-critica\\\/#primaryimage\"},\"thumbnailUrl\":\"https:\\\/\\\/resistencies.consorcimuseus.gva.es\\\/wp-content\\\/uploads\\\/2023\\\/06\\\/Premsa_No-volem-saber-1024x1024-1.jpg\",\"keywords\":[\"2022-2023\",\"Secundaria\",\"Valencia\"],\"articleSection\":[\"Arquitecturas L\u00fadicas\",\"Procesos de Alfabetizaci\u00f3n\",\"Saberes Otros\"],\"inLanguage\":\"es\"},{\"@type\":\"WebPage\",\"@id\":\"https:\\\/\\\/resistencies.consorcimuseus.gva.es\\\/es\\\/no-volem-saber-ensayo-artistico-experimental-para-una-educacion-critica\\\/\",\"url\":\"https:\\\/\\\/resistencies.consorcimuseus.gva.es\\\/es\\\/no-volem-saber-ensayo-artistico-experimental-para-una-educacion-critica\\\/\",\"name\":\"No volem saber. Ensayo art\u00edstico experimental para una educaci\u00f3n cr\u00edtica - Resist\u00e8ncies Art\u00edstiques CMCV\",\"isPartOf\":{\"@id\":\"https:\\\/\\\/resistencies.consorcimuseus.gva.es\\\/#website\"},\"primaryImageOfPage\":{\"@id\":\"https:\\\/\\\/resistencies.consorcimuseus.gva.es\\\/es\\\/no-volem-saber-ensayo-artistico-experimental-para-una-educacion-critica\\\/#primaryimage\"},\"image\":{\"@id\":\"https:\\\/\\\/resistencies.consorcimuseus.gva.es\\\/es\\\/no-volem-saber-ensayo-artistico-experimental-para-una-educacion-critica\\\/#primaryimage\"},\"thumbnailUrl\":\"https:\\\/\\\/resistencies.consorcimuseus.gva.es\\\/wp-content\\\/uploads\\\/2023\\\/06\\\/Premsa_No-volem-saber-1024x1024-1.jpg\",\"datePublished\":\"2023-06-07T07:33:14+00:00\",\"breadcrumb\":{\"@id\":\"https:\\\/\\\/resistencies.consorcimuseus.gva.es\\\/es\\\/no-volem-saber-ensayo-artistico-experimental-para-una-educacion-critica\\\/#breadcrumb\"},\"inLanguage\":\"es\",\"potentialAction\":[{\"@type\":\"ReadAction\",\"target\":[\"https:\\\/\\\/resistencies.consorcimuseus.gva.es\\\/es\\\/no-volem-saber-ensayo-artistico-experimental-para-una-educacion-critica\\\/\"]}]},{\"@type\":\"ImageObject\",\"inLanguage\":\"es\",\"@id\":\"https:\\\/\\\/resistencies.consorcimuseus.gva.es\\\/es\\\/no-volem-saber-ensayo-artistico-experimental-para-una-educacion-critica\\\/#primaryimage\",\"url\":\"https:\\\/\\\/resistencies.consorcimuseus.gva.es\\\/wp-content\\\/uploads\\\/2023\\\/06\\\/Premsa_No-volem-saber-1024x1024-1.jpg\",\"contentUrl\":\"https:\\\/\\\/resistencies.consorcimuseus.gva.es\\\/wp-content\\\/uploads\\\/2023\\\/06\\\/Premsa_No-volem-saber-1024x1024-1.jpg\",\"width\":1024,\"height\":1024},{\"@type\":\"BreadcrumbList\",\"@id\":\"https:\\\/\\\/resistencies.consorcimuseus.gva.es\\\/es\\\/no-volem-saber-ensayo-artistico-experimental-para-una-educacion-critica\\\/#breadcrumb\",\"itemListElement\":[{\"@type\":\"ListItem\",\"position\":1,\"name\":\"Inici\",\"item\":\"https:\\\/\\\/resistencies.consorcimuseus.gva.es\\\/es\\\/\"},{\"@type\":\"ListItem\",\"position\":2,\"name\":\"No volem saber. Ensayo art\u00edstico experimental para una educaci\u00f3n cr\u00edtica\"}]},{\"@type\":\"WebSite\",\"@id\":\"https:\\\/\\\/resistencies.consorcimuseus.gva.es\\\/#website\",\"url\":\"https:\\\/\\\/resistencies.consorcimuseus.gva.es\\\/\",\"name\":\"Resist\u00e8ncies Art\u00edstiques CMCV\",\"description\":\"\",\"publisher\":{\"@id\":\"https:\\\/\\\/resistencies.consorcimuseus.gva.es\\\/#organization\"},\"potentialAction\":[{\"@type\":\"SearchAction\",\"target\":{\"@type\":\"EntryPoint\",\"urlTemplate\":\"https:\\\/\\\/resistencies.consorcimuseus.gva.es\\\/?s={search_term_string}\"},\"query-input\":{\"@type\":\"PropertyValueSpecification\",\"valueRequired\":true,\"valueName\":\"search_term_string\"}}],\"inLanguage\":\"es\"},{\"@type\":\"Organization\",\"@id\":\"https:\\\/\\\/resistencies.consorcimuseus.gva.es\\\/#organization\",\"name\":\"Resist\u00e8ncies Art\u00edstiques - CMCV\",\"url\":\"https:\\\/\\\/resistencies.consorcimuseus.gva.es\\\/\",\"logo\":{\"@type\":\"ImageObject\",\"inLanguage\":\"es\",\"@id\":\"https:\\\/\\\/resistencies.consorcimuseus.gva.es\\\/#\\\/schema\\\/logo\\\/image\\\/\",\"url\":\"https:\\\/\\\/resistencies.consorcimuseus.gva.es\\\/wp-content\\\/uploads\\\/2020\\\/03\\\/logo-consorci-museus.jpg\",\"contentUrl\":\"https:\\\/\\\/resistencies.consorcimuseus.gva.es\\\/wp-content\\\/uploads\\\/2020\\\/03\\\/logo-consorci-museus.jpg\",\"width\":122,\"height\":108,\"caption\":\"Resist\u00e8ncies Art\u00edstiques - CMCV\"},\"image\":{\"@id\":\"https:\\\/\\\/resistencies.consorcimuseus.gva.es\\\/#\\\/schema\\\/logo\\\/image\\\/\"}},{\"@type\":\"Person\",\"@id\":\"https:\\\/\\\/resistencies.consorcimuseus.gva.es\\\/#\\\/schema\\\/person\\\/a225775d4711c439879bd4d972b8d96d\",\"name\":\"Resist\u00e8ncies Art\u00edstiques CMCV\",\"image\":{\"@type\":\"ImageObject\",\"inLanguage\":\"es\",\"@id\":\"https:\\\/\\\/secure.gravatar.com\\\/avatar\\\/cb2ad6006baf46a81edf30a56e5d8362f7e38d36c7e16f6792919ef755e23ebc?s=96&d=mm&r=g\",\"url\":\"https:\\\/\\\/secure.gravatar.com\\\/avatar\\\/cb2ad6006baf46a81edf30a56e5d8362f7e38d36c7e16f6792919ef755e23ebc?s=96&d=mm&r=g\",\"contentUrl\":\"https:\\\/\\\/secure.gravatar.com\\\/avatar\\\/cb2ad6006baf46a81edf30a56e5d8362f7e38d36c7e16f6792919ef755e23ebc?s=96&d=mm&r=g\",\"caption\":\"Resist\u00e8ncies Art\u00edstiques CMCV\"}}]}<\/script>\n<!-- \/ Yoast SEO plugin. -->","yoast_head_json":{"title":"No volem saber. Ensayo art\u00edstico experimental para una educaci\u00f3n cr\u00edtica - Resist\u00e8ncies Art\u00edstiques CMCV","robots":{"index":"index","follow":"follow","max-snippet":"max-snippet:-1","max-image-preview":"max-image-preview:large","max-video-preview":"max-video-preview:-1"},"canonical":"https:\/\/resistencies.consorcimuseus.gva.es\/es\/no-volem-saber-ensayo-artistico-experimental-para-una-educacion-critica\/","og_locale":"es_ES","og_type":"article","og_title":"No volem saber. Ensayo art\u00edstico experimental para una educaci\u00f3n cr\u00edtica - Resist\u00e8ncies Art\u00edstiques CMCV","og_description":"[vc_row][vc_column][vc_separator color=\u00bbblack\u00bb border_width=\u00bb2&#8243;][\/vc_column][\/vc_row][vc_row][vc_column][vc_row_inner el_class=\u00bbfila-contenido-prj\u00bb][vc_column_inner el_class=\u00bb-col-titulo-info-proyecto\u00bb width=\u00bb1\/6&#8243;][vc_column_text]Convocatoria:[\/vc_column_text][\/vc_column_inner][vc_column_inner width=\u00bb5\/6&#8243;][vc_column_text]2022-2023[\/vc_column_text][\/vc_column_inner][\/vc_row_inner][vc_row_inner el_class=\u00bbfila-contenido-prj\u00bb][vc_column_inner el_class=\u00bb-col-titulo-info-proyecto\u00bb width=\u00bb1\/6&#8243;][vc_column_text]Conceptos clave:[\/vc_column_text][\/vc_column_inner][vc_column_inner width=\u00bb5\/6&#8243;][vc_column_text]Ensayo experimental, arte contempor\u00e1neo, educaci\u00f3n art\u00edstica, pensamiento cr\u00edtico y emancipaci\u00f3n[\/vc_column_text][\/vc_column_inner][\/vc_row_inner][vc_row_inner el_class=\u00bbfila-contenido-prj\u00bb][vc_column_inner el_class=\u00bb-col-titulo-info-proyecto\u00bb width=\u00bb1\/6&#8243;][vc_column_text]Nivel educativo:[\/vc_column_text][\/vc_column_inner][vc_column_inner width=\u00bb5\/6&#8243;][vc_column_text]Secundaria[\/vc_column_text][\/vc_column_inner][\/vc_row_inner][vc_row_inner el_class=\u00bbfila-contenido-prj\u00bb][vc_column_inner el_class=\u00bb-col-titulo-info-proyecto\u00bb width=\u00bb1\/6&#8243;][vc_column_text]T\u00edtulo proyecto:[\/vc_column_text][\/vc_column_inner][vc_column_inner width=\u00bb5\/6&#8243;][vc_column_text]No volem saber. Ensayo art\u00edstico experimental para una educaci\u00f3n cr\u00edtica[\/vc_column_text][\/vc_column_inner][\/vc_row_inner][vc_row_inner el_class=\u00bbfila-contenido-prj\u00bb][vc_column_inner el_class=\u00bb-col-titulo-info-proyecto\u00bb width=\u00bb1\/6&#8243;][vc_column_text]Artista\/s:[\/vc_column_text][\/vc_column_inner][vc_column_inner width=\u00bb5\/6&#8243;][vc_column_text] Elena Sanmart\u00edn Hern\u00e1ndez y Elena Rocamora Sotos (El\u00e1stica Asociaci\u00f3n) [\/vc_column_text][\/vc_column_inner][\/vc_row_inner][vc_row_inner el_class=\u00bbfila-contenido-prj\u00bb][vc_column_inner&hellip;","og_url":"https:\/\/resistencies.consorcimuseus.gva.es\/es\/no-volem-saber-ensayo-artistico-experimental-para-una-educacion-critica\/","og_site_name":"Resist\u00e8ncies Art\u00edstiques CMCV","article_published_time":"2023-06-07T07:33:14+00:00","og_image":[{"width":1024,"height":1024,"url":"https:\/\/resistencies.consorcimuseus.gva.es\/wp-content\/uploads\/2023\/06\/Premsa_No-volem-saber-1024x1024-1.jpg","type":"image\/jpeg"}],"author":"Resist\u00e8ncies Art\u00edstiques CMCV","twitter_card":"summary_large_image","twitter_misc":{"Escrito por":"Resist\u00e8ncies Art\u00edstiques CMCV","Tiempo de lectura":"4 minutos"},"schema":{"@context":"https:\/\/schema.org","@graph":[{"@type":"Article","@id":"https:\/\/resistencies.consorcimuseus.gva.es\/es\/no-volem-saber-ensayo-artistico-experimental-para-una-educacion-critica\/#article","isPartOf":{"@id":"https:\/\/resistencies.consorcimuseus.gva.es\/es\/no-volem-saber-ensayo-artistico-experimental-para-una-educacion-critica\/"},"author":{"name":"Resist\u00e8ncies Art\u00edstiques CMCV","@id":"https:\/\/resistencies.consorcimuseus.gva.es\/#\/schema\/person\/a225775d4711c439879bd4d972b8d96d"},"headline":"No volem saber. Ensayo art\u00edstico experimental para una educaci\u00f3n cr\u00edtica","datePublished":"2023-06-07T07:33:14+00:00","mainEntityOfPage":{"@id":"https:\/\/resistencies.consorcimuseus.gva.es\/es\/no-volem-saber-ensayo-artistico-experimental-para-una-educacion-critica\/"},"wordCount":1425,"publisher":{"@id":"https:\/\/resistencies.consorcimuseus.gva.es\/#organization"},"image":{"@id":"https:\/\/resistencies.consorcimuseus.gva.es\/es\/no-volem-saber-ensayo-artistico-experimental-para-una-educacion-critica\/#primaryimage"},"thumbnailUrl":"https:\/\/resistencies.consorcimuseus.gva.es\/wp-content\/uploads\/2023\/06\/Premsa_No-volem-saber-1024x1024-1.jpg","keywords":["2022-2023","Secundaria","Valencia"],"articleSection":["Arquitecturas L\u00fadicas","Procesos de Alfabetizaci\u00f3n","Saberes Otros"],"inLanguage":"es"},{"@type":"WebPage","@id":"https:\/\/resistencies.consorcimuseus.gva.es\/es\/no-volem-saber-ensayo-artistico-experimental-para-una-educacion-critica\/","url":"https:\/\/resistencies.consorcimuseus.gva.es\/es\/no-volem-saber-ensayo-artistico-experimental-para-una-educacion-critica\/","name":"No volem saber. Ensayo art\u00edstico experimental para una educaci\u00f3n cr\u00edtica - Resist\u00e8ncies Art\u00edstiques CMCV","isPartOf":{"@id":"https:\/\/resistencies.consorcimuseus.gva.es\/#website"},"primaryImageOfPage":{"@id":"https:\/\/resistencies.consorcimuseus.gva.es\/es\/no-volem-saber-ensayo-artistico-experimental-para-una-educacion-critica\/#primaryimage"},"image":{"@id":"https:\/\/resistencies.consorcimuseus.gva.es\/es\/no-volem-saber-ensayo-artistico-experimental-para-una-educacion-critica\/#primaryimage"},"thumbnailUrl":"https:\/\/resistencies.consorcimuseus.gva.es\/wp-content\/uploads\/2023\/06\/Premsa_No-volem-saber-1024x1024-1.jpg","datePublished":"2023-06-07T07:33:14+00:00","breadcrumb":{"@id":"https:\/\/resistencies.consorcimuseus.gva.es\/es\/no-volem-saber-ensayo-artistico-experimental-para-una-educacion-critica\/#breadcrumb"},"inLanguage":"es","potentialAction":[{"@type":"ReadAction","target":["https:\/\/resistencies.consorcimuseus.gva.es\/es\/no-volem-saber-ensayo-artistico-experimental-para-una-educacion-critica\/"]}]},{"@type":"ImageObject","inLanguage":"es","@id":"https:\/\/resistencies.consorcimuseus.gva.es\/es\/no-volem-saber-ensayo-artistico-experimental-para-una-educacion-critica\/#primaryimage","url":"https:\/\/resistencies.consorcimuseus.gva.es\/wp-content\/uploads\/2023\/06\/Premsa_No-volem-saber-1024x1024-1.jpg","contentUrl":"https:\/\/resistencies.consorcimuseus.gva.es\/wp-content\/uploads\/2023\/06\/Premsa_No-volem-saber-1024x1024-1.jpg","width":1024,"height":1024},{"@type":"BreadcrumbList","@id":"https:\/\/resistencies.consorcimuseus.gva.es\/es\/no-volem-saber-ensayo-artistico-experimental-para-una-educacion-critica\/#breadcrumb","itemListElement":[{"@type":"ListItem","position":1,"name":"Inici","item":"https:\/\/resistencies.consorcimuseus.gva.es\/es\/"},{"@type":"ListItem","position":2,"name":"No volem saber. Ensayo art\u00edstico experimental para una educaci\u00f3n cr\u00edtica"}]},{"@type":"WebSite","@id":"https:\/\/resistencies.consorcimuseus.gva.es\/#website","url":"https:\/\/resistencies.consorcimuseus.gva.es\/","name":"Resist\u00e8ncies Art\u00edstiques CMCV","description":"","publisher":{"@id":"https:\/\/resistencies.consorcimuseus.gva.es\/#organization"},"potentialAction":[{"@type":"SearchAction","target":{"@type":"EntryPoint","urlTemplate":"https:\/\/resistencies.consorcimuseus.gva.es\/?s={search_term_string}"},"query-input":{"@type":"PropertyValueSpecification","valueRequired":true,"valueName":"search_term_string"}}],"inLanguage":"es"},{"@type":"Organization","@id":"https:\/\/resistencies.consorcimuseus.gva.es\/#organization","name":"Resist\u00e8ncies Art\u00edstiques - CMCV","url":"https:\/\/resistencies.consorcimuseus.gva.es\/","logo":{"@type":"ImageObject","inLanguage":"es","@id":"https:\/\/resistencies.consorcimuseus.gva.es\/#\/schema\/logo\/image\/","url":"https:\/\/resistencies.consorcimuseus.gva.es\/wp-content\/uploads\/2020\/03\/logo-consorci-museus.jpg","contentUrl":"https:\/\/resistencies.consorcimuseus.gva.es\/wp-content\/uploads\/2020\/03\/logo-consorci-museus.jpg","width":122,"height":108,"caption":"Resist\u00e8ncies Art\u00edstiques - CMCV"},"image":{"@id":"https:\/\/resistencies.consorcimuseus.gva.es\/#\/schema\/logo\/image\/"}},{"@type":"Person","@id":"https:\/\/resistencies.consorcimuseus.gva.es\/#\/schema\/person\/a225775d4711c439879bd4d972b8d96d","name":"Resist\u00e8ncies Art\u00edstiques CMCV","image":{"@type":"ImageObject","inLanguage":"es","@id":"https:\/\/secure.gravatar.com\/avatar\/cb2ad6006baf46a81edf30a56e5d8362f7e38d36c7e16f6792919ef755e23ebc?s=96&d=mm&r=g","url":"https:\/\/secure.gravatar.com\/avatar\/cb2ad6006baf46a81edf30a56e5d8362f7e38d36c7e16f6792919ef755e23ebc?s=96&d=mm&r=g","contentUrl":"https:\/\/secure.gravatar.com\/avatar\/cb2ad6006baf46a81edf30a56e5d8362f7e38d36c7e16f6792919ef755e23ebc?s=96&d=mm&r=g","caption":"Resist\u00e8ncies Art\u00edstiques CMCV"}}]}},"_links":{"self":[{"href":"https:\/\/resistencies.consorcimuseus.gva.es\/es\/wp-json\/wp\/v2\/posts\/3579","targetHints":{"allow":["GET"]}}],"collection":[{"href":"https:\/\/resistencies.consorcimuseus.gva.es\/es\/wp-json\/wp\/v2\/posts"}],"about":[{"href":"https:\/\/resistencies.consorcimuseus.gva.es\/es\/wp-json\/wp\/v2\/types\/post"}],"author":[{"embeddable":true,"href":"https:\/\/resistencies.consorcimuseus.gva.es\/es\/wp-json\/wp\/v2\/users\/3"}],"replies":[{"embeddable":true,"href":"https:\/\/resistencies.consorcimuseus.gva.es\/es\/wp-json\/wp\/v2\/comments?post=3579"}],"version-history":[{"count":0,"href":"https:\/\/resistencies.consorcimuseus.gva.es\/es\/wp-json\/wp\/v2\/posts\/3579\/revisions"}],"wp:featuredmedia":[{"embeddable":true,"href":"https:\/\/resistencies.consorcimuseus.gva.es\/es\/wp-json\/wp\/v2\/media\/3576"}],"wp:attachment":[{"href":"https:\/\/resistencies.consorcimuseus.gva.es\/es\/wp-json\/wp\/v2\/media?parent=3579"}],"wp:term":[{"taxonomy":"category","embeddable":true,"href":"https:\/\/resistencies.consorcimuseus.gva.es\/es\/wp-json\/wp\/v2\/categories?post=3579"},{"taxonomy":"post_tag","embeddable":true,"href":"https:\/\/resistencies.consorcimuseus.gva.es\/es\/wp-json\/wp\/v2\/tags?post=3579"}],"curies":[{"name":"wp","href":"https:\/\/api.w.org\/{rel}","templated":true}]}}